{"id":1119,"date":"2017-03-04T22:25:39","date_gmt":"2017-03-04T21:25:39","guid":{"rendered":"https:\/\/pakis.pl\/aktualnosci\/?p=1119"},"modified":"2021-04-16T12:33:53","modified_gmt":"2021-04-16T10:33:53","slug":"albanskie-rampampam-kontra-litewskie-stejki-robert-burneika-nie-przekresla-mma","status":"publish","type":"post","link":"https:\/\/pakis.pl\/aktualnosci\/albanskie-rampampam-kontra-litewskie-stejki-robert-burneika-nie-przekresla-mma\/","title":{"rendered":"Alba\u0144skie rampampam kontra litewskie stejki? Robert Burneika nie przekre\u015bla MMA."},"content":{"rendered":"<p>Robert Burneika w trakcie goszczenia w jednym z program\u00f3w telewizyjnych wyjawi\u0142 kilka ciekawych smaczk\u00f3w na temat jego przysz\u0142o\u015bci. Potwierdzi\u0142, \u017ce zabawa z MMA nie sko\u0144czy\u0142a si\u0119 jeszcze dla niego. Istnieje szansa, \u017ce ponownie zobaczymy jego wielkie bicepsy w akcji.<br \/>\nW \u201ePytowy Janusz\u201d wspomnia\u0142 o rozmowach prowadzonych ze sztabem menegerskim Paw\u0142a \u201ePopka\u201d Miko\u0142ajewa. Starcie rapera z hardkorowym koksem sta\u0142o si\u0119 spraw\u0105 otwart\u0105.<\/p>\n<p>Burneika nie odrzuca mo\u017cliwo\u015bci zmierzenia si\u0119 z samozwa\u0144czym kr\u00f3lem Albanii. Je\u015bli dojdzie do porozumienia pomi\u0119dzy \u201esportowcami\u201d, pozostanie tylko kwestia organizatora, kt\u00f3ry oficjalnie zakontraktuje walk\u0119. Ze wzgl\u0119du na zobowi\u0105zania Popka, tylko jedna organizacja mo\u017ce udzieli\u0107 im b\u0142ogos\u0142awie\u0144stwa. Popek po powrocie do Polski podpisa\u0142 umow\u0119 z KSW na (rzekomo) 4 walki w ustalonym terminie czasu. Jedn\u0105 ma ju\u017c za sob\u0105 i w \u017caden spos\u00f3b nie pchn\u0119\u0142a jego kariery sportowej do przodu. W\u00f3wczas otrzyma\u0142 konkretne b\u0119cki od Mariusza Pudzianowskiego, ale w ten sam dzie\u0144 zapowiedzia\u0142, \u017ce wr\u00f3ci jeszcze do klatki.<br \/>\nOkazja do tego w\u0142a\u015bnie si\u0119 nadarzy\u0142a wraz z rozpocz\u0119ciem rozm\u00f3w z polskim raperem. Czy Robert Burneika jest odpowiednim rywalem dla Popka? Tutaj mo\u017cna troch\u0119 polemizowa\u0107. Nie mo\u017cna mu zarzuci\u0107 braku si\u0142y, bowiem na co dzie\u0144 Burneika przerzuca masy kilogram\u00f3w na si\u0142owni. Ponadto bra\u0142 ju\u017c udzia\u0142 w dw\u00f3ch walkach MMA, kt\u00f3re zwyci\u0119\u017cy\u0142. Aczkolwiek jego poprzedni przeciwnicy nie byli z najwy\u017cszej p\u00f3\u0142ki. Nijak jego walki mia\u0142y si\u0119 do warto\u015bci sportowej. Wi\u0119cej by\u0142o w tym cyrku i medialnego poruszenia. I tak te\u017c tym razem mo\u017ce zako\u0144czy\u0107 si\u0119 historia Burneiki z Popkiem.<\/p>\n","protected":false},"excerpt":{"rendered":"<p>Robert Burneika w trakcie goszczenia w jednym z program\u00f3w telewizyjnych wyjawi\u0142 kilka ciekawych smaczk\u00f3w na temat jego przysz\u0142o\u015bci. Potwierdzi\u0142, \u017ce zabawa z MMA nie sko\u0144czy\u0142a si\u0119 jeszcze dla niego. Istnieje szansa, \u017ce ponownie zobaczymy jego wielkie bicepsy w akcji. W \u201ePytowy Janusz\u201d wspomnia\u0142 o rozmowach prowadzonych ze sztabem menegerskim Paw\u0142a \u201ePopka\u201d Miko\u0142ajewa. Starcie rapera z [&hellip;]<\/p>\n","protected":false},"author":5,"featured_media":1120,"comment_status":"closed","ping_status":"closed","sticky":false,"template":"","format":"standard","meta":{"_lmt_disableupdate":"","_lmt_disable":"","footnotes":""},"categories":[2348],"tags":[42,211,284],"class_list":["post-1119","post","type-post","status-publish","format-standard","has-post-thumbnail","hentry","category-mma","tag-media","tag-mma","tag-walki-mma"],"aioseo_notices":[],"modified_by":"marketing","_links":{"self":[{"href":"https:\/\/pakis.pl\/aktualnosci\/wp-json\/wp\/v2\/posts\/1119","targetHints":{"allow":["GET"]}}],"collection":[{"href":"https:\/\/pakis.pl\/aktualnosci\/wp-json\/wp\/v2\/posts"}],"about":[{"href":"https:\/\/pakis.pl\/aktualnosci\/wp-json\/wp\/v2\/types\/post"}],"author":[{"embeddable":true,"href":"https:\/\/pakis.pl\/aktualnosci\/wp-json\/wp\/v2\/users\/5"}],"replies":[{"embeddable":true,"href":"https:\/\/pakis.pl\/aktualnosci\/wp-json\/wp\/v2\/comments?post=1119"}],"version-history":[{"count":1,"href":"https:\/\/pakis.pl\/aktualnosci\/wp-json\/wp\/v2\/posts\/1119\/revisions"}],"predecessor-version":[{"id":1121,"href":"https:\/\/pakis.pl\/aktualnosci\/wp-json\/wp\/v2\/posts\/1119\/revisions\/1121"}],"wp:featuredmedia":[{"embeddable":true,"href":"https:\/\/pakis.pl\/aktualnosci\/wp-json\/wp\/v2\/media\/1120"}],"wp:attachment":[{"href":"https:\/\/pakis.pl\/aktualnosci\/wp-json\/wp\/v2\/media?parent=1119"}],"wp:term":[{"taxonomy":"category","embeddable":true,"href":"https:\/\/pakis.pl\/aktualnosci\/wp-json\/wp\/v2\/categories?post=1119"},{"taxonomy":"post_tag","embeddable":true,"href":"https:\/\/pakis.pl\/aktualnosci\/wp-json\/wp\/v2\/tags?post=1119"}],"curies":[{"name":"wp","href":"https:\/\/api.w.org\/{rel}","templated":true}]}}