{"id":1128,"date":"2017-03-06T20:52:52","date_gmt":"2017-03-06T19:52:52","guid":{"rendered":"https:\/\/pakis.pl\/aktualnosci\/?p=1128"},"modified":"2021-04-16T12:35:25","modified_gmt":"2021-04-16T10:35:25","slug":"bedzie-sie-dzialo-na-pge-narodowym-zapowiedziano-walke-mistrzow-ksw","status":"publish","type":"post","link":"https:\/\/pakis.pl\/aktualnosci\/bedzie-sie-dzialo-na-pge-narodowym-zapowiedziano-walke-mistrzow-ksw\/","title":{"rendered":"B\u0119dzie si\u0119 dzia\u0142o na PGE Narodowym. Zapowiedziano walk\u0119 mistrz\u00f3w KSW."},"content":{"rendered":"<p>Nadchodz\u0105ca gala KSW, kt\u00f3ra odb\u0119dzie si\u0119 na Stadionie Narodowym w Warszawie pomie\u015bci najwi\u0119ksze gwiazdy polskiego MMA. Wiemy ju\u017c, \u017ce klatka zamknie si\u0119 dla Mariusza Pudzianowskiego, Marcina R\u00f3\u017calskiego, Damiana Janikowskiego oraz aktualnego mistrza wagi ci\u0119\u017ckiej Fernando Rodriguesa. Do menu zawodnik\u00f3w do\u0142\u0105czy kolejnych dw\u00f3ch niekwestionowanych mistrz\u00f3w mieszanych sztuk walk. W\u0142odarze KSW potwierdzili, \u017ce naprzeciw siebie stan\u0105 Mamed Khalidov i Borys Ma\u0144kowski.<\/p>\n<p>Nie istotne jest, kogo jeszcze zaprosz\u0105 w ten dzie\u0144 szefowie najwi\u0119kszej polskiej organizacji MMA, bowiem walka Mameda z Borysem skradnie serca wszystkich kibic\u00f3w. S\u0105 specjalistami swojego fachu. Potrafi\u0105 walczy\u0107 zar\u00f3wno w st\u00f3jce jak i w parterze, udowadniaj\u0105c to stwierdzenie podczas przesz\u0142ych walk, z powa\u017canymi na ca\u0142ym \u015bwiecie, wsp\u00f3\u0142czesnymi gladiatorami. Na koncie obydwu zawodnik\u00f3w widnieje bilans walk na wysokim plusie. Mamed ma prawie dwukrotnie wi\u0119cej wygranych pojedynk\u00f3w i to on po cichu m\u00f3wi si\u0119, \u017ce zachowa status niezniszczalnego. Aczkolwiek jego roczna przerwa od sportu mo\u017ce wyra\u017anie wp\u0142yn\u0105\u0107 na stan \u201educha walki\u201d, z tym\u017ce nie wiadomo, czy na lepsze b\u0105d\u017a gorsze. Przed niniejsz\u0105 walk\u0105, Mameda czeka jeszcze weryfikacja umiej\u0119tno\u015bci podczas innej gali, organizowanej przez ACB. W marcu zmierzy si\u0119 z Lukiem Barnattem.<\/p>\n<p>Wynik tej walki jest wielk\u0105 niewiadom\u0105. Gdyby wzi\u0105\u0107 pod uwag\u0119 do\u015bwiadczenie obu fighter\u00f3w, Mamed by\u0142by faworytem, jednak\u017ce Ma\u0144kowski jest bardzo ambitny i nie grzeszy z\u0142ym stylem walki. Tutaj nie zagraj\u0105 charaktery a do\u015bwiadczenie sportowe i czujno\u015b\u0107. Z chwil\u0105, gdy padn\u0105 pierwsze ciosy, b\u0119dziemy wiedzie\u0107, kto na nogach utrzyma si\u0119 najd\u0142u\u017cej.<\/p>\n","protected":false},"excerpt":{"rendered":"<p>Nadchodz\u0105ca gala KSW, kt\u00f3ra odb\u0119dzie si\u0119 na Stadionie Narodowym w Warszawie pomie\u015bci najwi\u0119ksze gwiazdy polskiego MMA. Wiemy ju\u017c, \u017ce klatka zamknie si\u0119 dla Mariusza Pudzianowskiego, Marcina R\u00f3\u017calskiego, Damiana Janikowskiego oraz aktualnego mistrza wagi ci\u0119\u017ckiej Fernando Rodriguesa. Do menu zawodnik\u00f3w do\u0142\u0105czy kolejnych dw\u00f3ch niekwestionowanych mistrz\u00f3w mieszanych sztuk walk. W\u0142odarze KSW potwierdzili, \u017ce naprzeciw siebie stan\u0105 Mamed [&hellip;]<\/p>\n","protected":false},"author":5,"featured_media":1129,"comment_status":"closed","ping_status":"closed","sticky":false,"template":"","format":"standard","meta":{"_lmt_disableupdate":"","_lmt_disable":"","footnotes":""},"categories":[2348],"tags":[110,211,284,126],"class_list":["post-1128","post","type-post","status-publish","format-standard","has-post-thumbnail","hentry","category-mma","tag-mieszane-sztuki-walki","tag-mma","tag-walki-mma","tag-znani-sportowcy"],"aioseo_notices":[],"modified_by":"marketing","_links":{"self":[{"href":"https:\/\/pakis.pl\/aktualnosci\/wp-json\/wp\/v2\/posts\/1128","targetHints":{"allow":["GET"]}}],"collection":[{"href":"https:\/\/pakis.pl\/aktualnosci\/wp-json\/wp\/v2\/posts"}],"about":[{"href":"https:\/\/pakis.pl\/aktualnosci\/wp-json\/wp\/v2\/types\/post"}],"author":[{"embeddable":true,"href":"https:\/\/pakis.pl\/aktualnosci\/wp-json\/wp\/v2\/users\/5"}],"replies":[{"embeddable":true,"href":"https:\/\/pakis.pl\/aktualnosci\/wp-json\/wp\/v2\/comments?post=1128"}],"version-history":[{"count":1,"href":"https:\/\/pakis.pl\/aktualnosci\/wp-json\/wp\/v2\/posts\/1128\/revisions"}],"predecessor-version":[{"id":1130,"href":"https:\/\/pakis.pl\/aktualnosci\/wp-json\/wp\/v2\/posts\/1128\/revisions\/1130"}],"wp:featuredmedia":[{"embeddable":true,"href":"https:\/\/pakis.pl\/aktualnosci\/wp-json\/wp\/v2\/media\/1129"}],"wp:attachment":[{"href":"https:\/\/pakis.pl\/aktualnosci\/wp-json\/wp\/v2\/media?parent=1128"}],"wp:term":[{"taxonomy":"category","embeddable":true,"href":"https:\/\/pakis.pl\/aktualnosci\/wp-json\/wp\/v2\/categories?post=1128"},{"taxonomy":"post_tag","embeddable":true,"href":"https:\/\/pakis.pl\/aktualnosci\/wp-json\/wp\/v2\/tags?post=1128"}],"curies":[{"name":"wp","href":"https:\/\/api.w.org\/{rel}","templated":true}]}}