{"id":1174,"date":"2017-03-14T19:48:18","date_gmt":"2017-03-14T18:48:18","guid":{"rendered":"https:\/\/pakis.pl\/aktualnosci\/?p=1174"},"modified":"2021-04-16T12:35:08","modified_gmt":"2021-04-16T10:35:08","slug":"mayweather-zabral-glos-walka-mcgregora-z-mayweatherem-jest-coraz-blizsza-ziszczenia","status":"publish","type":"post","link":"https:\/\/pakis.pl\/aktualnosci\/mayweather-zabral-glos-walka-mcgregora-z-mayweatherem-jest-coraz-blizsza-ziszczenia\/","title":{"rendered":"Mayweather zabra\u0142 g\u0142os. Walka McGregora z Mayweatherem jest coraz bli\u017csza ziszczenia"},"content":{"rendered":"<p>Nie chcemy zapesza\u0107 i g\u0142osi\u0107 niesprawdzonych informacji, lecz tym razem g\u0142os medi\u00f3w zosta\u0142 wsparty przez bohatera tych\u017ce rewelacji. Floyd Mayweather jednoznacznie da\u0142 do zrozumienia swoim fanom oraz kibicom rywala, \u017ce walka z Conorem McGregorem jest nieunikniona.<\/p>\n<p>Kilka zda\u0144 \u201eby\u0142ego\u201d boksera obieg\u0142o ju\u017c praktycznie ka\u017cdy zak\u0105tek internetu i medi\u00f3w telewizyjnych. Na ustach dziennikarzy sportowych nie jest ju\u017c fina\u0142 Australian Open czy rekordy pope\u0142niane przez skoczk\u00f3w narciarskich w trakcie Pucharu \u015awiata. Teraz m\u00f3wi si\u0119 tylko o walce Floyda z Conorem. Jest ona na tyle kuriozalna, \u017ce nie dziwi efekt medialnego bumu. Pi\u0119\u015bciarz mia\u0142by zmierzy\u0107 si\u0119 z zawodnikiem MMA na zasadach bokserskich, a wi\u0119c nie w klatce a na ringu. Nie w r\u0119kawicach z obci\u0119tymi palcami a w typowych z pe\u0142n\u0105 ochron\u0105 d\u0142oni. I co najwa\u017cniejsze, w pe\u0142nych 12 rundach miast w 3 po 5 minut. Conor McGregor ju\u017c wcze\u015bniej m\u00f3wi\u0142 o tym, \u017ce jest gotowy podj\u0105\u0107 wyzwanie w klasie bokserskiej i ponadto w mi\u0119dzyczasie uzyska\u0142 licencj\u0119 pozwalaj\u0105c\u0105 mu wzi\u0105\u0107 udzia\u0142 w walkach bokserskich.<\/p>\n<p>Wielka niewiadoma jest ju\u017c traktowana jako walka oczywista, lecz bez okre\u015blonego terminu. Prawdopodobn\u0105 dat\u0105 jest ko\u0144c\u00f3wka tego roku, bowiem wpierw mened\u017cerowie obydwu sportowc\u00f3w musza doj\u015b\u0107 do porozumienia z potencjalnym organizatorem gali. Pieni\u0105dze stanowi\u0105 tu najwa\u017cniejsz\u0105 motywacj\u0119, tak wi\u0119c dop\u00f3ki nie zostan\u0105 potwierdzone honoraria dla Conora i Floyda, walka b\u0119dzie spoczywa\u0107 w kolejce do realizacji. Gdyby jednak do niej dosz\u0142o, pewnym jest, \u017ce padnie rekord ogl\u0105dalno\u015bci i tym samym rekord wp\u0142yw\u00f3w z Pay-Per-View, kt\u00f3ry aktualnie nale\u017cy do Mayweathera.<\/p>\n","protected":false},"excerpt":{"rendered":"<p>Nie chcemy zapesza\u0107 i g\u0142osi\u0107 niesprawdzonych informacji, lecz tym razem g\u0142os medi\u00f3w zosta\u0142 wsparty przez bohatera tych\u017ce rewelacji. Floyd Mayweather jednoznacznie da\u0142 do zrozumienia swoim fanom oraz kibicom rywala, \u017ce walka z Conorem McGregorem jest nieunikniona. Kilka zda\u0144 \u201eby\u0142ego\u201d boksera obieg\u0142o ju\u017c praktycznie ka\u017cdy zak\u0105tek internetu i medi\u00f3w telewizyjnych. Na ustach dziennikarzy sportowych nie jest [&hellip;]<\/p>\n","protected":false},"author":5,"featured_media":1175,"comment_status":"closed","ping_status":"closed","sticky":false,"template":"","format":"standard","meta":{"_lmt_disableupdate":"","_lmt_disable":"","footnotes":""},"categories":[2319],"tags":[186,42,111,318,126],"class_list":["post-1174","post","type-post","status-publish","format-standard","has-post-thumbnail","hentry","category-boks","tag-boks","tag-media","tag-nadchodzace-wydarzenia","tag-walki-bokserskie","tag-znani-sportowcy"],"aioseo_notices":[],"modified_by":"marketing","_links":{"self":[{"href":"https:\/\/pakis.pl\/aktualnosci\/wp-json\/wp\/v2\/posts\/1174","targetHints":{"allow":["GET"]}}],"collection":[{"href":"https:\/\/pakis.pl\/aktualnosci\/wp-json\/wp\/v2\/posts"}],"about":[{"href":"https:\/\/pakis.pl\/aktualnosci\/wp-json\/wp\/v2\/types\/post"}],"author":[{"embeddable":true,"href":"https:\/\/pakis.pl\/aktualnosci\/wp-json\/wp\/v2\/users\/5"}],"replies":[{"embeddable":true,"href":"https:\/\/pakis.pl\/aktualnosci\/wp-json\/wp\/v2\/comments?post=1174"}],"version-history":[{"count":1,"href":"https:\/\/pakis.pl\/aktualnosci\/wp-json\/wp\/v2\/posts\/1174\/revisions"}],"predecessor-version":[{"id":1176,"href":"https:\/\/pakis.pl\/aktualnosci\/wp-json\/wp\/v2\/posts\/1174\/revisions\/1176"}],"wp:featuredmedia":[{"embeddable":true,"href":"https:\/\/pakis.pl\/aktualnosci\/wp-json\/wp\/v2\/media\/1175"}],"wp:attachment":[{"href":"https:\/\/pakis.pl\/aktualnosci\/wp-json\/wp\/v2\/media?parent=1174"}],"wp:term":[{"taxonomy":"category","embeddable":true,"href":"https:\/\/pakis.pl\/aktualnosci\/wp-json\/wp\/v2\/categories?post=1174"},{"taxonomy":"post_tag","embeddable":true,"href":"https:\/\/pakis.pl\/aktualnosci\/wp-json\/wp\/v2\/tags?post=1174"}],"curies":[{"name":"wp","href":"https:\/\/api.w.org\/{rel}","templated":true}]}}