{"id":1262,"date":"2017-03-28T22:30:13","date_gmt":"2017-03-28T20:30:13","guid":{"rendered":"https:\/\/pakis.pl\/aktualnosci\/?p=1262"},"modified":"2021-04-16T12:42:01","modified_gmt":"2021-04-16T10:42:01","slug":"kolejni-zawodnicy-uzupelniaja-karte-ksw-39-podczas-gali-nie-zabraknie-ukrainskiego-koksu-i-polskiego-rapu","status":"publish","type":"post","link":"https:\/\/pakis.pl\/aktualnosci\/kolejni-zawodnicy-uzupelniaja-karte-ksw-39-podczas-gali-nie-zabraknie-ukrainskiego-koksu-i-polskiego-rapu\/","title":{"rendered":"Kolejni zawodnicy uzupe\u0142niaj\u0105 kart\u0119 KSW 39. Podczas gali nie zabraknie ukrai\u0144skiego koksu i polskiego rapu"},"content":{"rendered":"<p>W dniu dzisiejszym zi\u015bci\u0142 si\u0119 scenariusz, kt\u00f3ry nie by\u0142 traktowany zbyt powa\u017cnie. Oktagon przyci\u0105ga do siebie zar\u00f3wno nowe jak i stare twarze, bokser\u00f3w, judok\u00f3w, karatek\u00f3w. Na ringu \u015bcieraj\u0105 si\u0119 ze sob\u0105 postaci r\u00f3\u017cnej ma\u015bci i o przer\u00f3\u017cnych profesjach, ale bardzo rzadko dochodzi do sytuacji, gdy naprzeciwko siebie staj\u0105 wokalista i kulturysta. Informacja jest tu\u017c pewna \u2013 Pawe\u0142 \u201ePopek\u201d Miko\u0142ajuw skrzy\u017cuje pi\u0119\u015bci i nogi z Robertem Burneik\u0105.<\/p>\n<p>Ci\u0119\u017cko stwierdzi\u0107, czy zapowied\u017a walki ma s\u0142u\u017cy\u0107 tylko celom marketingowym, aby uzyska\u0107 jak najwi\u0119kszy rozg\u0142os przed nadchodz\u0105c\u0105 gal\u0105, czy mo\u017ce kry\u0107 si\u0119 w niej b\u0119dzie co\u015b wi\u0119cej ni\u017c medialny szum. Pierwiastek sportowej rywalizacji jest tu mile widziany, wi\u0119c miejmy nadzieje, \u017ce zawodnicy sprostaj\u0105 oczekiwaniom nie tylko tym stawianych przez og\u00f3lnopolskie media, w kt\u00f3rych sensacyjno\u015b\u0107 informacji zwyci\u0119\u017ca nad jej tre\u015bci\u0105.<br \/>\nWydawa\u0142oby si\u0119, \u017ce Popek po nieudanym debiucie, zwolni tempo w MMA i powr\u00f3ci do swojego naturalnego trybu \u017cycia, gdzie kr\u00f3luje alkohol, w\u0105tpliwej jako\u015bci u\u017cywki i nieprzespane noce. Jednak w jego \u017cyciu co\u015b si\u0119 zmieni\u0142o i postanowi\u0142 kontynuowa\u0107 swoj\u0105 przygod\u0119 w KSW. Ma oczywi\u015bcie podpisany kontrakt na udzia\u0142 w kolejnych walkach, ale nikt si\u0119 chyba nie spodziewa\u0142, \u017ce nast\u0105pi to tak szybko. Z kolei Robert Burneika dotychczas pokaza\u0142 si\u0119 w oktagonie raptem dwa razy i od ostatniej walki z Dawidem Ozdob\u0105, odsun\u0105\u0142 si\u0119 o MMA, by miast grozi\u0107 komu\u015b pi\u0119\u015bciami, wykorzystuje swoj\u0105 wielk\u0105 si\u0142\u0119 w d\u017awiganiu ci\u0119\u017car\u00f3w.<\/p>\n<p>Walka Burneiki z Popkiem z pewno\u015bci\u0105 wywo\u0142a efekt podobny do tego, jaki mia\u0142 miejsce przed walk\u0105 Popka z Pudzianowskim. Miejmy nadziej\u0119, \u017ce tym razem walka potrwa d\u0142u\u017cej ni\u017c 80 sekund.<\/p>\n","protected":false},"excerpt":{"rendered":"<p>W dniu dzisiejszym zi\u015bci\u0142 si\u0119 scenariusz, kt\u00f3ry nie by\u0142 traktowany zbyt powa\u017cnie. Oktagon przyci\u0105ga do siebie zar\u00f3wno nowe jak i stare twarze, bokser\u00f3w, judok\u00f3w, karatek\u00f3w. Na ringu \u015bcieraj\u0105 si\u0119 ze sob\u0105 postaci r\u00f3\u017cnej ma\u015bci i o przer\u00f3\u017cnych profesjach, ale bardzo rzadko dochodzi do sytuacji, gdy naprzeciwko siebie staj\u0105 wokalista i kulturysta. Informacja jest tu\u017c pewna [&hellip;]<\/p>\n","protected":false},"author":5,"featured_media":1263,"comment_status":"closed","ping_status":"closed","sticky":false,"template":"","format":"standard","meta":{"_lmt_disableupdate":"","_lmt_disable":"","footnotes":""},"categories":[2348],"tags":[42,211,111,284,126],"class_list":["post-1262","post","type-post","status-publish","format-standard","has-post-thumbnail","hentry","category-mma","tag-media","tag-mma","tag-nadchodzace-wydarzenia","tag-walki-mma","tag-znani-sportowcy"],"aioseo_notices":[],"modified_by":"marketing","_links":{"self":[{"href":"https:\/\/pakis.pl\/aktualnosci\/wp-json\/wp\/v2\/posts\/1262","targetHints":{"allow":["GET"]}}],"collection":[{"href":"https:\/\/pakis.pl\/aktualnosci\/wp-json\/wp\/v2\/posts"}],"about":[{"href":"https:\/\/pakis.pl\/aktualnosci\/wp-json\/wp\/v2\/types\/post"}],"author":[{"embeddable":true,"href":"https:\/\/pakis.pl\/aktualnosci\/wp-json\/wp\/v2\/users\/5"}],"replies":[{"embeddable":true,"href":"https:\/\/pakis.pl\/aktualnosci\/wp-json\/wp\/v2\/comments?post=1262"}],"version-history":[{"count":1,"href":"https:\/\/pakis.pl\/aktualnosci\/wp-json\/wp\/v2\/posts\/1262\/revisions"}],"predecessor-version":[{"id":1264,"href":"https:\/\/pakis.pl\/aktualnosci\/wp-json\/wp\/v2\/posts\/1262\/revisions\/1264"}],"wp:featuredmedia":[{"embeddable":true,"href":"https:\/\/pakis.pl\/aktualnosci\/wp-json\/wp\/v2\/media\/1263"}],"wp:attachment":[{"href":"https:\/\/pakis.pl\/aktualnosci\/wp-json\/wp\/v2\/media?parent=1262"}],"wp:term":[{"taxonomy":"category","embeddable":true,"href":"https:\/\/pakis.pl\/aktualnosci\/wp-json\/wp\/v2\/categories?post=1262"},{"taxonomy":"post_tag","embeddable":true,"href":"https:\/\/pakis.pl\/aktualnosci\/wp-json\/wp\/v2\/tags?post=1262"}],"curies":[{"name":"wp","href":"https:\/\/api.w.org\/{rel}","templated":true}]}}