{"id":1303,"date":"2017-04-05T20:43:25","date_gmt":"2017-04-05T18:43:25","guid":{"rendered":"https:\/\/pakis.pl\/aktualnosci\/?p=1303"},"modified":"2021-04-16T12:57:21","modified_gmt":"2021-04-16T10:57:21","slug":"w-przeddzien-ksw-39-na-7-kwietnia-zaplanowano-ksw-38-live-in-studio","status":"publish","type":"post","link":"https:\/\/pakis.pl\/aktualnosci\/w-przeddzien-ksw-39-na-7-kwietnia-zaplanowano-ksw-38-live-in-studio\/","title":{"rendered":"W przeddzie\u0144 KSW 39. Na 7 kwietnia zaplanowano KSW 38: Live in Studio"},"content":{"rendered":"<p>Ju\u017c w maju odb\u0119dzie si\u0119 najwi\u0119ksza gala MMA na Stadionie Narodowym w Warszawie. Podczas 39 KSW nie zabraknie najwi\u0119kszych polskich gwiazd mieszanych sztuk walk, kt\u00f3rzy b\u0119d\u0105 zmaga\u0107 si\u0119 o najwi\u0119ksze trofea w tej dyscyplinie sportu. W karcie zawodnik\u00f3w znajduj\u0105 si\u0119 m.in. Mamed Khalidov, Borys Ma\u0144kowski, Mariusz Pudzianowski, Fernando Rodrigez i wiele, wiele innych. Przed gal\u0105 nr 39 organizatorzy postanowili przeprowadzi\u0107 mniejsz\u0105 gal\u0119 w warszawskim studio telewizyjnym. Ma by\u0107 przedsmakiem wielkich igrzysk MMA, kt\u00f3ry po raz pierwszy w historii odb\u0119d\u0105 si\u0119 na obiekcie mog\u0105cym pomie\u015bci\u0107 ponad 50 tysi\u0119cy kibic\u00f3w.<\/p>\n<p>KSW 38 b\u0119dzie bardziej kameraln\u0105 imprez\u0105, jednak r\u00f3wnie interesuj\u0105c\u0105. Najwa\u017cniejsz\u0105 walk\u0105 b\u0119dzie starcie Artura Sowi\u0144skiego z \u0141ukaszem Chlewickim. Sowi\u0144ski ostatnim razem zaliczy\u0142 wpadk\u0119 w walce z Marcinem Wrzoskiem, przez co straci\u0142 pas mistrza. Z pewno\u015bci\u0105 b\u0119dzie chcia\u0142 go odzyska\u0107, ale p\u00f3ki co musi wywalczy\u0107 sobie prawo do walki o mistrzostwo.<br \/>\nPoni\u017cej znajduje si\u0119 jeszcze niepe\u0142na lista walk, lecz organizatorzy w nied\u0142ugim czasie powinni udost\u0119pni\u0107 pe\u0142n\u0105 wersj\u0119 z uwagi na to, \u017ce gala KSW 38 odb\u0119dzie si\u0119 ju\u017c 7 kwietnia.<\/p>\n<p>Waga pi\u00f3rkowa: Artur Sowi\u0144ski (17-8-2NC, 6 KO, 6 SUB) &#8211; \u0141ukasz Chlewicki (14-5-1, 5 KO, 1 SUB)<br \/>\nWaga kogucia: Anzor Azhiev (6-2-1NC, 1 KO, 1 SUB) \u2013 TBA<br \/>\nWaga pi\u00f3rkowa: Roman Szyma\u0144ski (9-3, 1 KO, 3 SUB) &#8211; Denilson Neves de Oliveira (11-4, 5 KO, 2 SUB)<br \/>\nWaga \u015brednia: \u0141ukasz Bie\u0144kowski (4-1, 2 KO) \u2013 TBA<br \/>\nWaga lekka: Kamil Szymuszowski (15-4, 2 KO, 4 SUB) &#8211; Marif Piraev (13-1-1, 3 KO, 7 SUB) Waga lekka: Grzegorz Szulakowski (7-1, 1 KO, 4 SUB) &#8211; Renato Pezinho (20-9, 12 KO, 4 SUB)<br \/>\nWaga pi\u00f3rkowa: \u0141ukasz Rajewski (6-2-1NC, 5 KO) &#8211; Sebastian Romanowski (11-7-1, 4 KO, 2 SUB)<br \/>\nWaga lekka: Maciej Kazieczko (2-0, 1 KO) &#8211; Tomasz Matusewicz (2-0, 2 KO)<\/p>\n<p>\u017ar\u00f3d\u0142o: polsatsport.pl<\/p>\n","protected":false},"excerpt":{"rendered":"<p>Ju\u017c w maju odb\u0119dzie si\u0119 najwi\u0119ksza gala MMA na Stadionie Narodowym w Warszawie. Podczas 39 KSW nie zabraknie najwi\u0119kszych polskich gwiazd mieszanych sztuk walk, kt\u00f3rzy b\u0119d\u0105 zmaga\u0107 si\u0119 o najwi\u0119ksze trofea w tej dyscyplinie sportu. W karcie zawodnik\u00f3w znajduj\u0105 si\u0119 m.in. Mamed Khalidov, Borys Ma\u0144kowski, Mariusz Pudzianowski, Fernando Rodrigez i wiele, wiele innych. Przed gal\u0105 [&hellip;]<\/p>\n","protected":false},"author":5,"featured_media":1304,"comment_status":"closed","ping_status":"closed","sticky":false,"template":"","format":"standard","meta":{"_lmt_disableupdate":"","_lmt_disable":"","footnotes":""},"categories":[2348],"tags":[119,42,211,284,126],"class_list":["post-1303","post","type-post","status-publish","format-standard","has-post-thumbnail","hentry","category-mma","tag-ksw","tag-media","tag-mma","tag-walki-mma","tag-znani-sportowcy"],"aioseo_notices":[],"modified_by":"marketing","_links":{"self":[{"href":"https:\/\/pakis.pl\/aktualnosci\/wp-json\/wp\/v2\/posts\/1303","targetHints":{"allow":["GET"]}}],"collection":[{"href":"https:\/\/pakis.pl\/aktualnosci\/wp-json\/wp\/v2\/posts"}],"about":[{"href":"https:\/\/pakis.pl\/aktualnosci\/wp-json\/wp\/v2\/types\/post"}],"author":[{"embeddable":true,"href":"https:\/\/pakis.pl\/aktualnosci\/wp-json\/wp\/v2\/users\/5"}],"replies":[{"embeddable":true,"href":"https:\/\/pakis.pl\/aktualnosci\/wp-json\/wp\/v2\/comments?post=1303"}],"version-history":[{"count":1,"href":"https:\/\/pakis.pl\/aktualnosci\/wp-json\/wp\/v2\/posts\/1303\/revisions"}],"predecessor-version":[{"id":1305,"href":"https:\/\/pakis.pl\/aktualnosci\/wp-json\/wp\/v2\/posts\/1303\/revisions\/1305"}],"wp:featuredmedia":[{"embeddable":true,"href":"https:\/\/pakis.pl\/aktualnosci\/wp-json\/wp\/v2\/media\/1304"}],"wp:attachment":[{"href":"https:\/\/pakis.pl\/aktualnosci\/wp-json\/wp\/v2\/media?parent=1303"}],"wp:term":[{"taxonomy":"category","embeddable":true,"href":"https:\/\/pakis.pl\/aktualnosci\/wp-json\/wp\/v2\/categories?post=1303"},{"taxonomy":"post_tag","embeddable":true,"href":"https:\/\/pakis.pl\/aktualnosci\/wp-json\/wp\/v2\/tags?post=1303"}],"curies":[{"name":"wp","href":"https:\/\/api.w.org\/{rel}","templated":true}]}}