{"id":1312,"date":"2017-04-06T22:08:19","date_gmt":"2017-04-06T20:08:19","guid":{"rendered":"https:\/\/pakis.pl\/aktualnosci\/?p=1312"},"modified":"2021-04-16T15:55:57","modified_gmt":"2021-04-16T13:55:57","slug":"tybura-poprawil-swoj-bilans-walk-polak-po-walce-dla-organizacji-ufc","status":"publish","type":"post","link":"https:\/\/pakis.pl\/aktualnosci\/tybura-poprawil-swoj-bilans-walk-polak-po-walce-dla-organizacji-ufc\/","title":{"rendered":"Tybura poprawi\u0142 sw\u00f3j bilans walk. Polak po walce dla organizacji UFC"},"content":{"rendered":"<p>Marcin Tybura jest jednym z nielicznych Polak\u00f3w, kt\u00f3ry ma podpisan\u0105 umow\u0119 z organizacj\u0105 UFC. Dotychczas na swoim koncie mia\u0142 2 odbyte walki, czego efektem by\u0142o jedno zwyci\u0119stwo i jedna przegrana. Cho\u0107 jego pierwsze do\u015bwiadczenia z walkami dla najwi\u0119kszej organizacji MMA na \u015bwiecie nie nale\u017ca\u0142y do najprzyjemniejszych \u2013 w debiucie przegra\u0142 jednog\u0142o\u015bn\u0105 decyzj\u0105 s\u0119dzi\u00f3w z Timothy Johnsonem \u2013 coraz \u015bmielej radzi sobie w oktagonie. Nie tak dawno stan\u0105\u0142 oko w oko z Luisem Henrique i roz\u0142o\u017cy\u0142 rywala na \u0142opatki w trakcie 3 rundy.<\/p>\n<p>Zwyci\u0119stwo nie by\u0142o mu jednak od razu pisane. W pierwszej rundzie musia\u0142 nie\u017ale pracowa\u0107 w klinczu z Henrique, gdy\u017c ten szuka\u0142 bez przerwy szansy na obalenie Polaka. Tybura \u015bwietnie spisywa\u0142 si\u0119 w defensywie i r\u00f3wnie\u017c, gdy nadarza\u0142a si\u0119 do tego okazja, stara\u0142 si\u0119 nie by\u0107 d\u0142u\u017cnym. Wyprowadza\u0142 ciosy kolanami i kr\u00f3tkimi hakami. Uderzenia Polaka nie robi\u0142y na przeciwniku \u017cadnego wra\u017cenia. Mimo wszystko to Tybura prowadzi\u0142 po pierwszej rundzie.<br \/>\nKolejna ods\u0142ona w wykonaniu Polaka by\u0142a kontynuacj\u0105 strategii z 1. rundy, lecz wyprowadza\u0142 znacznie wi\u0119cej cios\u00f3w od przeciwnika. Henrique cz\u0119\u015bciej klinczowa\u0142 i ustawia\u0142 Tybur\u0119 pod siatk\u0105, bowiem \u0142atwiej w tym miejscu przycisn\u0105\u0107 rywala i podci\u0105\u0107 nogi. Aczkolwiek Tybura przytomnie reagowa\u0142 na poczynania Brazylijczyka i tylko raz pozwoli\u0142 si\u0119 przewr\u00f3ci\u0107.<\/p>\n<p>W ostatniej rundzie walki Polak o wiele mocniej i precyzyjniej obija\u0142 g\u0142ow\u0119 Henrique, co zapocz\u0105tkowa\u0142o jego problemy. B\u0119d\u0105c lekko zamroczonym z trudem broni\u0142 si\u0119 przed kolejnymi ciosami. Po chwili znale\u017ali si\u0119 w parterze, a Tybura g\u00f3ruj\u0105c nad rywalem m\u0142otkami rozbija\u0142 mu twarz. S\u0119dzia widz\u0105c brak reakcji na ciosy zawodnika postanowi\u0142 przerwa\u0107 walk\u0119. Tybura mo\u017ce zapisa\u0107 na swoje konto 2 udan\u0105 walk\u0119 pod szyldem UFC.<\/p>\n","protected":false},"excerpt":{"rendered":"<p>Marcin Tybura jest jednym z nielicznych Polak\u00f3w, kt\u00f3ry ma podpisan\u0105 umow\u0119 z organizacj\u0105 UFC. Dotychczas na swoim koncie mia\u0142 2 odbyte walki, czego efektem by\u0142o jedno zwyci\u0119stwo i jedna przegrana. Cho\u0107 jego pierwsze do\u015bwiadczenia z walkami dla najwi\u0119kszej organizacji MMA na \u015bwiecie nie nale\u017ca\u0142y do najprzyjemniejszych \u2013 w debiucie przegra\u0142 jednog\u0142o\u015bn\u0105 decyzj\u0105 s\u0119dzi\u00f3w z Timothy [&hellip;]<\/p>\n","protected":false},"author":5,"featured_media":1313,"comment_status":"closed","ping_status":"closed","sticky":false,"template":"","format":"standard","meta":{"_lmt_disableupdate":"","_lmt_disable":"","footnotes":""},"categories":[2348],"tags":[42,211,292,284,126],"class_list":["post-1312","post","type-post","status-publish","format-standard","has-post-thumbnail","hentry","category-mma","tag-media","tag-mma","tag-ufc","tag-walki-mma","tag-znani-sportowcy"],"aioseo_notices":[],"modified_by":"marketing","_links":{"self":[{"href":"https:\/\/pakis.pl\/aktualnosci\/wp-json\/wp\/v2\/posts\/1312","targetHints":{"allow":["GET"]}}],"collection":[{"href":"https:\/\/pakis.pl\/aktualnosci\/wp-json\/wp\/v2\/posts"}],"about":[{"href":"https:\/\/pakis.pl\/aktualnosci\/wp-json\/wp\/v2\/types\/post"}],"author":[{"embeddable":true,"href":"https:\/\/pakis.pl\/aktualnosci\/wp-json\/wp\/v2\/users\/5"}],"replies":[{"embeddable":true,"href":"https:\/\/pakis.pl\/aktualnosci\/wp-json\/wp\/v2\/comments?post=1312"}],"version-history":[{"count":1,"href":"https:\/\/pakis.pl\/aktualnosci\/wp-json\/wp\/v2\/posts\/1312\/revisions"}],"predecessor-version":[{"id":1314,"href":"https:\/\/pakis.pl\/aktualnosci\/wp-json\/wp\/v2\/posts\/1312\/revisions\/1314"}],"wp:featuredmedia":[{"embeddable":true,"href":"https:\/\/pakis.pl\/aktualnosci\/wp-json\/wp\/v2\/media\/1313"}],"wp:attachment":[{"href":"https:\/\/pakis.pl\/aktualnosci\/wp-json\/wp\/v2\/media?parent=1312"}],"wp:term":[{"taxonomy":"category","embeddable":true,"href":"https:\/\/pakis.pl\/aktualnosci\/wp-json\/wp\/v2\/categories?post=1312"},{"taxonomy":"post_tag","embeddable":true,"href":"https:\/\/pakis.pl\/aktualnosci\/wp-json\/wp\/v2\/tags?post=1312"}],"curies":[{"name":"wp","href":"https:\/\/api.w.org\/{rel}","templated":true}]}}