{"id":1349,"date":"2017-04-11T22:43:36","date_gmt":"2017-04-11T20:43:36","guid":{"rendered":"https:\/\/pakis.pl\/aktualnosci\/?p=1349"},"modified":"2021-04-16T15:55:05","modified_gmt":"2021-04-16T13:55:05","slug":"unai-emery-moze-stracic-posade-trenera-psg-luis-enrique-nowym-trenerem-psg","status":"publish","type":"post","link":"https:\/\/pakis.pl\/aktualnosci\/unai-emery-moze-stracic-posade-trenera-psg-luis-enrique-nowym-trenerem-psg\/","title":{"rendered":"Unai Emery mo\u017ce straci\u0107 posad\u0119 trenera PSG. Luis Enrique nowym trenerem PSG?"},"content":{"rendered":"<p>Nie zd\u0105\u017cy\u0142 jeszcze opa\u015b\u0107 kurz po ostatnim blama\u017cu PSG w 1\/8 fina\u0142u Ligi Mistrz\u00f3w, a ju\u017c m\u00f3wi si\u0119 o tym, \u017ce z Paris Saint-Germain mo\u017ce zosta\u0107 wyrzucony Unai Emery. Wszystko przez wysok\u0105 pora\u017ck\u0119 francuz\u00f3w w meczu z Barcelon\u0105 6:1.<br \/>\n\u017badni wieszcze, a tym bardziej bukmacherzy nie zak\u0142adali, \u017ce Barcelona podniesie si\u0119 po pora\u017cce 4:0 i wr\u00f3ci do gry, ale tak si\u0119 sta\u0142o i w jednej chwili wywr\u00f3ci\u0142o \u015bwiat trenera PSG do g\u00f3ry nogami. T\u0105 chwil\u0105 by\u0142o 90 minut meczu na stadionie Camp Nou, gdzie magi\u0119 roztaczali katalo\u0144scy zawodnicy.<\/p>\n<p>Przed meczem rewan\u017cowym gromy by\u0142y ciskane w przeciwn\u0105 stron\u0119, do Luisa Enrique, trenera Barcy. Kibice byli wstanie go rozszarpa\u0107 za pora\u017ck\u0119 na wyjed\u017acie. Lecz drugi mecz zmieni\u0142 wszystko o 180 stopni i w efekcie ko\u0144cowym to PSG odpad\u0142o z dalszych rozgrywek w Lidze Mistrz\u00f3w. Teraz swoisty dramat prze\u017cywa Unai Emery, kt\u00f3rego nie oszcz\u0119dzi\u0142 sam prezydent klubu PSG, Nasser Al-Khelaifi. Ten uwa\u017ca, \u017ce jest to pora\u017cka niezrozumia\u0142a, kt\u00f3rej mo\u017cna by\u0142o unikn\u0105\u0107. Odpadni\u0119cie z LM to wielki cios dla wszystkich, w szczeg\u00f3lno\u015bci dla kibic\u00f3w i pi\u0142karzy. Zaistnia\u0142a sytuacja zmusi\u0142a zwi\u0105zkowc\u00f3w do odnalezienia \u017ar\u00f3d\u0142a problemu i oczy zosta\u0142y raptem zwr\u00f3cone na Unai Emery\u2019ego. Nadszed\u0142 czas nagonki na trenera PSG, b\u0119d\u0105cego g\u0142\u00f3wn\u0105 przyczyn\u0105 francuskiego dramatu. Wielce prawdopodobne jest to, \u017ce jego miejsce po zako\u0144czonym sezonie zajmie nie kto inny, a Luis Enrique. Du\u017co b\u0119dzie zale\u017ce\u0107 od samego Hiszpana, bowiem przyzna\u0142, \u017ce wiele si\u0142y kosztowa\u0142o go prowadzenie Barcy i, \u017ce chcia\u0142by na rok czasu odpocz\u0105\u0107 od zada\u0144 trenera.<\/p>\n","protected":false},"excerpt":{"rendered":"<p>Nie zd\u0105\u017cy\u0142 jeszcze opa\u015b\u0107 kurz po ostatnim blama\u017cu PSG w 1\/8 fina\u0142u Ligi Mistrz\u00f3w, a ju\u017c m\u00f3wi si\u0119 o tym, \u017ce z Paris Saint-Germain mo\u017ce zosta\u0107 wyrzucony Unai Emery. Wszystko przez wysok\u0105 pora\u017ck\u0119 francuz\u00f3w w meczu z Barcelon\u0105 6:1. \u017badni wieszcze, a tym bardziej bukmacherzy nie zak\u0142adali, \u017ce Barcelona podniesie si\u0119 po pora\u017cce 4:0 i [&hellip;]<\/p>\n","protected":false},"author":5,"featured_media":1350,"comment_status":"closed","ping_status":"closed","sticky":false,"template":"","format":"standard","meta":{"_lmt_disableupdate":"","_lmt_disable":"","footnotes":""},"categories":[2326],"tags":[295,42,111,85,83],"class_list":["post-1349","post","type-post","status-publish","format-standard","has-post-thumbnail","hentry","category-pilka-nozna","tag-kluby-pilkarskie","tag-media","tag-nadchodzace-wydarzenia","tag-pilka-nozna","tag-wyniki-meczow"],"aioseo_notices":[],"modified_by":"marketing","_links":{"self":[{"href":"https:\/\/pakis.pl\/aktualnosci\/wp-json\/wp\/v2\/posts\/1349","targetHints":{"allow":["GET"]}}],"collection":[{"href":"https:\/\/pakis.pl\/aktualnosci\/wp-json\/wp\/v2\/posts"}],"about":[{"href":"https:\/\/pakis.pl\/aktualnosci\/wp-json\/wp\/v2\/types\/post"}],"author":[{"embeddable":true,"href":"https:\/\/pakis.pl\/aktualnosci\/wp-json\/wp\/v2\/users\/5"}],"replies":[{"embeddable":true,"href":"https:\/\/pakis.pl\/aktualnosci\/wp-json\/wp\/v2\/comments?post=1349"}],"version-history":[{"count":1,"href":"https:\/\/pakis.pl\/aktualnosci\/wp-json\/wp\/v2\/posts\/1349\/revisions"}],"predecessor-version":[{"id":1351,"href":"https:\/\/pakis.pl\/aktualnosci\/wp-json\/wp\/v2\/posts\/1349\/revisions\/1351"}],"wp:featuredmedia":[{"embeddable":true,"href":"https:\/\/pakis.pl\/aktualnosci\/wp-json\/wp\/v2\/media\/1350"}],"wp:attachment":[{"href":"https:\/\/pakis.pl\/aktualnosci\/wp-json\/wp\/v2\/media?parent=1349"}],"wp:term":[{"taxonomy":"category","embeddable":true,"href":"https:\/\/pakis.pl\/aktualnosci\/wp-json\/wp\/v2\/categories?post=1349"},{"taxonomy":"post_tag","embeddable":true,"href":"https:\/\/pakis.pl\/aktualnosci\/wp-json\/wp\/v2\/tags?post=1349"}],"curies":[{"name":"wp","href":"https:\/\/api.w.org\/{rel}","templated":true}]}}