{"id":1355,"date":"2017-04-11T22:51:09","date_gmt":"2017-04-11T20:51:09","guid":{"rendered":"https:\/\/pakis.pl\/aktualnosci\/?p=1355"},"modified":"2021-04-16T15:29:58","modified_gmt":"2021-04-16T13:29:58","slug":"nawalka-ustala-sklad-na-mecz-z-czarnogora-wsrod-powolanych-zawodnikow-sa-milik-lewandowski-oraz-krychowiak","status":"publish","type":"post","link":"https:\/\/pakis.pl\/aktualnosci\/nawalka-ustala-sklad-na-mecz-z-czarnogora-wsrod-powolanych-zawodnikow-sa-milik-lewandowski-oraz-krychowiak\/","title":{"rendered":"Nawa\u0142ka ustala sk\u0142ad na mecz z Czarnog\u00f3r\u0105. W\u015br\u00f3d powo\u0142anych zawodnik\u00f3w s\u0105 Milik, Lewandowski oraz Krychowiak."},"content":{"rendered":"<p>26 marca polska reprezentacja zmierzy si\u0119 w Podgoricy z pi\u0142karzami z Czarnog\u00f3ry. Mecz ten jest niezwykle istotny przez wzgl\u0105d na uk\u0142ad punktowy w tabeli mecz\u00f3w eliminacyjnych do Mistrzostw \u015awiata 2018. Kolejne 3 zdobyte punkty mog\u0105 pom\u00f3c bia\u0142o-czerwonym w walce o miejsce w mi\u0119dzynarodowych rozgrywkach.<\/p>\n<p>Selekcjoner Polski, Adam Nawa\u0142ka jest ju\u017c w trakcie przygotowywania sk\u0142adu zespo\u0142u na mecz wyjazdowy. Natenczas swoj\u0105 uwag\u0119 zwr\u00f3ci\u0142 w kierunku pi\u0142karzy graj\u0105cych w ligach zagranicznych, bowiem posiadaj\u0105 najwi\u0119cej do\u015bwiadczenia. Na li\u015bcie Nawa\u0142ki s\u0105 pi\u0142karze, kt\u00f3rzy ju\u017c przetarli szlaki w poprzednich meczach eliminacyjnych. Najwa\u017cniejszym punktem sk\u0142adu jest oczywi\u015bcie Robert Lewandowski, kt\u00f3ry winduje swoje statystyki w Bundeslidze. Towarzyszy\u0107 mu b\u0119dzie Grzegorz Krychowiak, kt\u00f3rego sta\u0142e miejsce w PSG jest bardziej ni\u017c zagro\u017cone, jednak dotychczas w meczach reprezentacji spisywa\u0142 si\u0119 nad wyraz dobrze. Powo\u0142any zosta\u0142 r\u00f3wnie\u017c Arkadiusz Milik ,kt\u00f3ry przez d\u0142u\u017cszy czas pauzowa\u0142 z powodu kontuzji kolana. W sumie trener Nawa\u0142ka powo\u0142a\u0142 19 zawodnik\u00f3w, ale ta lista nie jest jeszcze kompletna. Zestawienie maj\u0105 uzupe\u0142ni\u0107 pi\u0142karze z ekstraklasy, a tam nie brakuje wielkich nazwisk.<\/p>\n<p>Ostateczna decyzja o sk\u0142adzie zespo\u0142u mo\u017ce zawa\u017cy\u0107 na wyniku przysz\u0142ego spotkania z Czarnog\u00f3r\u0105, tote\u017c Adam Nawa\u0142ka przez tydzie\u0144 b\u0119dzie prowadzi\u0107 swoist\u0105 analiz\u0119 polskich pi\u0142karzy. Poni\u017cej znajduje si\u0119 lista z zawodnikami graj\u0105cymi w ligach zagranicznych, kt\u00f3r\u0105 17 marca uzupe\u0142ni\u0105 zawodnicy z polskiej ligi.<\/p>\n<p>Bramkarze: \u0141ukasz Fabia\u0144ski, Wojciech Szcz\u0119sny, \u0141ukasz Skorupski Obro\u0144cy: Bartosz Bereszy\u0144ski, Thiago Cionek, Kamil Glik, Igor Lewczuk, \u0141ukasz Piszczek Pomocnicy: Jakub B\u0142aszczykowski, Grzegorz Krychowiak, Kamil Grosicki, Karol Linetty, Maciej Rybus, Pawe\u0142 Wszo\u0142ek, Piotr Zieli\u0144ski Napasnicy: Robert Lewandowski, Arkadiusz Milik, \u0141ukasz Teodorczyk, Kamil Wilczek<\/p>\n<p>\u0179r\u00f3d\u0142o: sportowefakty.pl<\/p>\n","protected":false},"excerpt":{"rendered":"<p>26 marca polska reprezentacja zmierzy si\u0119 w Podgoricy z pi\u0142karzami z Czarnog\u00f3ry. Mecz ten jest niezwykle istotny przez wzgl\u0105d na uk\u0142ad punktowy w tabeli mecz\u00f3w eliminacyjnych do Mistrzostw \u015awiata 2018. Kolejne 3 zdobyte punkty mog\u0105 pom\u00f3c bia\u0142o-czerwonym w walce o miejsce w mi\u0119dzynarodowych rozgrywkach. Selekcjoner Polski, Adam Nawa\u0142ka jest ju\u017c w trakcie przygotowywania sk\u0142adu zespo\u0142u [&hellip;]<\/p>\n","protected":false},"author":5,"featured_media":1356,"comment_status":"closed","ping_status":"closed","sticky":false,"template":"","format":"standard","meta":{"_lmt_disableupdate":"","_lmt_disable":"","footnotes":""},"categories":[2326],"tags":[42,111,85,126],"class_list":["post-1355","post","type-post","status-publish","format-standard","has-post-thumbnail","hentry","category-pilka-nozna","tag-media","tag-nadchodzace-wydarzenia","tag-pilka-nozna","tag-znani-sportowcy"],"aioseo_notices":[],"modified_by":"marketing","_links":{"self":[{"href":"https:\/\/pakis.pl\/aktualnosci\/wp-json\/wp\/v2\/posts\/1355","targetHints":{"allow":["GET"]}}],"collection":[{"href":"https:\/\/pakis.pl\/aktualnosci\/wp-json\/wp\/v2\/posts"}],"about":[{"href":"https:\/\/pakis.pl\/aktualnosci\/wp-json\/wp\/v2\/types\/post"}],"author":[{"embeddable":true,"href":"https:\/\/pakis.pl\/aktualnosci\/wp-json\/wp\/v2\/users\/5"}],"replies":[{"embeddable":true,"href":"https:\/\/pakis.pl\/aktualnosci\/wp-json\/wp\/v2\/comments?post=1355"}],"version-history":[{"count":1,"href":"https:\/\/pakis.pl\/aktualnosci\/wp-json\/wp\/v2\/posts\/1355\/revisions"}],"predecessor-version":[{"id":1357,"href":"https:\/\/pakis.pl\/aktualnosci\/wp-json\/wp\/v2\/posts\/1355\/revisions\/1357"}],"wp:featuredmedia":[{"embeddable":true,"href":"https:\/\/pakis.pl\/aktualnosci\/wp-json\/wp\/v2\/media\/1356"}],"wp:attachment":[{"href":"https:\/\/pakis.pl\/aktualnosci\/wp-json\/wp\/v2\/media?parent=1355"}],"wp:term":[{"taxonomy":"category","embeddable":true,"href":"https:\/\/pakis.pl\/aktualnosci\/wp-json\/wp\/v2\/categories?post=1355"},{"taxonomy":"post_tag","embeddable":true,"href":"https:\/\/pakis.pl\/aktualnosci\/wp-json\/wp\/v2\/tags?post=1355"}],"curies":[{"name":"wp","href":"https:\/\/api.w.org\/{rel}","templated":true}]}}