{"id":1358,"date":"2017-04-12T22:04:43","date_gmt":"2017-04-12T20:04:43","guid":{"rendered":"https:\/\/pakis.pl\/aktualnosci\/?p=1358"},"modified":"2021-04-16T15:44:17","modified_gmt":"2021-04-16T13:44:17","slug":"ramos-bohaterem-meczu-realu-madryt-z-realem-betis-krolewscy-wygrali-21-2","status":"publish","type":"post","link":"https:\/\/pakis.pl\/aktualnosci\/ramos-bohaterem-meczu-realu-madryt-z-realem-betis-krolewscy-wygrali-21-2\/","title":{"rendered":"Jurkowski zawalczy podczas KSW 39. Zmierzy si\u0119 z by\u0142ym mistrzem KSW"},"content":{"rendered":"<p>W\u0142odarze KSW odkryli kolejne nazwisko zawodnika, kt\u00f3ry we\u017amie udzia\u0142 w historycznej gali mieszanych sztuk walk. Mowa tu o by\u0142ym mistrzu KSW Rameau Thierrym Sokoudjou. Jest to bardzo do\u015bwiadczony zawodnik, kt\u00f3ry w ci\u0105gu swojej kariery sportowej walczy\u0142 pod szyldem najwi\u0119kszych organizacji MMA, w tym Bellator, UFC i Pride. Dotychczas zaliczy\u0142 33 pojedynki i 17 razy wychodzi\u0142 z klatki obronn\u0105 r\u0119k\u0105. Nie spos\u00f3b jednak oceni\u0107 Sokoudjou na podstawie ilo\u015bci zwyci\u0119stw i przegranych, bowiem mierzy\u0142 si\u0119 z topowymi zawodnikami, mistrzami swojej kategorii. Ka\u017cde jego starcie ko\u0144czy\u0142o si\u0119 widowiskowo i w wi\u0119kszo\u015bci przypadk\u00f3w nokautami jego b\u0105d\u017a przeciwnik\u00f3w.<\/p>\n<p>Podczas KSW 39 stanie naprzeciwko powracaj\u0105cego do MMA \u0141ukasza Jurkowskiego. Nie jest to dla niego pierwszy wyst\u0119p dla organizacji KSW. Pod bander\u0105 Martina Lewandowskiego i Macieja Kawulskiego wyst\u0119powa\u0142 \u0142\u0105cznie 25 razy. Rachunek zwyci\u0119stw ma ca\u0142kiem podobny do swojego przysz\u0142ego rywala \u2013 15 razy jego r\u0119ka na koniec starcia by\u0142a unoszona ku g\u00f3rze. Kiedy w 2011 roku dozna\u0142 swojej 10 pora\u017cki postanowi\u0142 zaniecha\u0107 sw\u00f3j udzia\u0142 w walkach na rzecz roli konferansjera i komentatora sportowego.<\/p>\n<p>Szefowie KSW wci\u0105\u017c namawiali go by powr\u00f3ci\u0142 do klatki i w ko\u0144cu negocjacje zako\u0144czy\u0142y si\u0119 sukcesem. 27 maja b\u0119dzie m\u00f3g\u0142 zwi\u0119kszy\u0107 r\u00f3\u017cnic\u0119 wygranych i przegranych walk. Oby tylko na swoj\u0105 korzy\u015b\u0107. Jego rywal wie jak smakuje krew i z pewno\u015bci\u0105 w klatce b\u0119dzie chcia\u0142 upu\u015bci\u0107 troch\u0119 krwi Polakowi. Przekonamy si\u0119 zatem, czy r\u0119ce Jurkowskiego pami\u0119taj\u0105 jeszcze kszta\u0142t r\u0119kawic b\u0105d\u017a mo\u017ce nadaj\u0105 si\u0119 ju\u017c wy\u0142\u0105cznie do trzymania mikrofonu.<\/p>\n","protected":false},"excerpt":{"rendered":"<p>W\u0142odarze KSW odkryli kolejne nazwisko zawodnika, kt\u00f3ry we\u017amie udzia\u0142 w historycznej gali mieszanych sztuk walk. Mowa tu o by\u0142ym mistrzu KSW Rameau Thierrym Sokoudjou. Jest to bardzo do\u015bwiadczony zawodnik, kt\u00f3ry w ci\u0105gu swojej kariery sportowej walczy\u0142 pod szyldem najwi\u0119kszych organizacji MMA, w tym Bellator, UFC i Pride. Dotychczas zaliczy\u0142 33 pojedynki i 17 razy wychodzi\u0142 [&hellip;]<\/p>\n","protected":false},"author":5,"featured_media":1363,"comment_status":"closed","ping_status":"closed","sticky":false,"template":"","format":"standard","meta":{"_lmt_disableupdate":"","_lmt_disable":"","footnotes":""},"categories":[2348],"tags":[42,211,363,111,284],"class_list":["post-1358","post","type-post","status-publish","format-standard","has-post-thumbnail","hentry","category-mma","tag-media","tag-mma","tag-msw","tag-nadchodzace-wydarzenia","tag-walki-mma"],"aioseo_notices":[],"modified_by":"marketing","_links":{"self":[{"href":"https:\/\/pakis.pl\/aktualnosci\/wp-json\/wp\/v2\/posts\/1358","targetHints":{"allow":["GET"]}}],"collection":[{"href":"https:\/\/pakis.pl\/aktualnosci\/wp-json\/wp\/v2\/posts"}],"about":[{"href":"https:\/\/pakis.pl\/aktualnosci\/wp-json\/wp\/v2\/types\/post"}],"author":[{"embeddable":true,"href":"https:\/\/pakis.pl\/aktualnosci\/wp-json\/wp\/v2\/users\/5"}],"replies":[{"embeddable":true,"href":"https:\/\/pakis.pl\/aktualnosci\/wp-json\/wp\/v2\/comments?post=1358"}],"version-history":[{"count":3,"href":"https:\/\/pakis.pl\/aktualnosci\/wp-json\/wp\/v2\/posts\/1358\/revisions"}],"predecessor-version":[{"id":1364,"href":"https:\/\/pakis.pl\/aktualnosci\/wp-json\/wp\/v2\/posts\/1358\/revisions\/1364"}],"wp:featuredmedia":[{"embeddable":true,"href":"https:\/\/pakis.pl\/aktualnosci\/wp-json\/wp\/v2\/media\/1363"}],"wp:attachment":[{"href":"https:\/\/pakis.pl\/aktualnosci\/wp-json\/wp\/v2\/media?parent=1358"}],"wp:term":[{"taxonomy":"category","embeddable":true,"href":"https:\/\/pakis.pl\/aktualnosci\/wp-json\/wp\/v2\/categories?post=1358"},{"taxonomy":"post_tag","embeddable":true,"href":"https:\/\/pakis.pl\/aktualnosci\/wp-json\/wp\/v2\/tags?post=1358"}],"curies":[{"name":"wp","href":"https:\/\/api.w.org\/{rel}","templated":true}]}}