{"id":1415,"date":"2017-04-24T20:43:10","date_gmt":"2017-04-24T18:43:10","guid":{"rendered":"https:\/\/pakis.pl\/aktualnosci\/?p=1415"},"modified":"2021-04-16T15:40:32","modified_gmt":"2021-04-16T13:40:32","slug":"brodnicka-i-parzeczewski-pojawia-sie-na-gali-w-czestochowie-oboje-zawodnikow-stoi-przed-szansa-zdobycia-mistrzowskiego-pasa-wbo","status":"publish","type":"post","link":"https:\/\/pakis.pl\/aktualnosci\/brodnicka-i-parzeczewski-pojawia-sie-na-gali-w-czestochowie-oboje-zawodnikow-stoi-przed-szansa-zdobycia-mistrzowskiego-pasa-wbo\/","title":{"rendered":"Brodnicka i Parz\u0119czewski pojawi\u0105 si\u0119 na gali w Cz\u0119stochowie. Oboje zawodnik\u00f3w stoi przed szans\u0105 zdobycia mistrzowskiego pasa WBO."},"content":{"rendered":"<p>Ju\u017c 13 maja Ewa Brodnicka wraz z Robertem Parz\u0119czewskim b\u0119d\u0105 mierzy\u0107 si\u0119 w swoich walkach o tytu\u0142 mistrza federacji WBO. Dla Brodnickiej oznacza to kolejny krok w kierunku rozwoju kariery. Dotychczas wywalczy\u0142a jedynie tytu\u0142 mistrzyni Europy i nadszed\u0142 czas, by zaznaczy\u0107 swoje miejsce w rankingu \u015bwiatowym. Nazwisko jej przeciwniczki jest ju\u017c znane organizacji WBO, jak i trenerowi Brodnickiej, ale dop\u00f3ki umowy nie zostan\u0105 podpisane przez obie Panie, klauzula poufno\u015bci w dalszym ci\u0105gu b\u0119dzie obowi\u0105zywa\u0107. Po zwyci\u0119skiej walce Polki, a tym samym po zdobyciu tymczasowego tytu\u0142u mistrzowskiego w wadze super pi\u00f3rkowej, istnieje du\u017ce prawdopodobie\u0144stwo, \u017ce Brodnicka spotka si\u0119 na ringu z aktualn\u0105 mistrzyni\u0105 Ramon\u0105 Kuehne, lecz s\u0105 to dopiero plany, kt\u00f3re mog\u0105 ulec zmianie. Du\u017co zale\u017cy od samej Niemki, bowiem zawodniczka my\u015bli ju\u017c o zako\u0144czeniu swojej kariery. Jednak jak m\u00f3wi promotor Brodnickiej, nie ma sensu jeszcze tak daleko wybiega\u0107 my\u015blami w przysz\u0142o\u015b\u0107. Wpierw Brodnicka musi wyj\u015b\u0107 z ringu 13 maja jako niepokonana i powi\u0119kszy\u0107 sw\u00f3j rekord wygranych walk.<\/p>\n<p>Natomiast Robert Parz\u0119czewski b\u0119dzie bi\u0142 si\u0119 o m\u0142odzie\u017cowy pas WBO kategorii p\u00f3\u0142ci\u0119\u017ckiej. Jego rywalem ma by\u0107 zagraniczny zawodnik mieszcz\u0105cy si\u0119 w kategorii wagowej oraz nie posiadaj\u0105cy wi\u0119cej ni\u017c 24 lata, gdy\u017c w przypadku walk o tytu\u0142y mistrza obowi\u0105zuj\u0105 pewne ustalone regu\u0142y. Do tej pory Polakowi na zawodowym ringu sz\u0142o lepiej ni\u017c dobrze. W ca\u0142ej karierze tylko raz musia\u0142 uzna\u0107 wy\u017cszo\u015b\u0107 innego pi\u0119\u015bciarza. Przysz\u0142a walka mo\u017ce powi\u0119kszy\u0107 aktualny bilans wygranych, kt\u00f3ry natenczas wynosi 15 zwyci\u0119stw.<\/p>\n","protected":false},"excerpt":{"rendered":"<p>Ju\u017c 13 maja Ewa Brodnicka wraz z Robertem Parz\u0119czewskim b\u0119d\u0105 mierzy\u0107 si\u0119 w swoich walkach o tytu\u0142 mistrza federacji WBO. Dla Brodnickiej oznacza to kolejny krok w kierunku rozwoju kariery. Dotychczas wywalczy\u0142a jedynie tytu\u0142 mistrzyni Europy i nadszed\u0142 czas, by zaznaczy\u0107 swoje miejsce w rankingu \u015bwiatowym. Nazwisko jej przeciwniczki jest ju\u017c znane organizacji WBO, jak [&hellip;]<\/p>\n","protected":false},"author":5,"featured_media":1416,"comment_status":"closed","ping_status":"closed","sticky":false,"template":"","format":"standard","meta":{"_lmt_disableupdate":"","_lmt_disable":"","footnotes":""},"categories":[2319],"tags":[186,42,111,318,126],"class_list":["post-1415","post","type-post","status-publish","format-standard","has-post-thumbnail","hentry","category-boks","tag-boks","tag-media","tag-nadchodzace-wydarzenia","tag-walki-bokserskie","tag-znani-sportowcy"],"aioseo_notices":[],"modified_by":"marketing","_links":{"self":[{"href":"https:\/\/pakis.pl\/aktualnosci\/wp-json\/wp\/v2\/posts\/1415","targetHints":{"allow":["GET"]}}],"collection":[{"href":"https:\/\/pakis.pl\/aktualnosci\/wp-json\/wp\/v2\/posts"}],"about":[{"href":"https:\/\/pakis.pl\/aktualnosci\/wp-json\/wp\/v2\/types\/post"}],"author":[{"embeddable":true,"href":"https:\/\/pakis.pl\/aktualnosci\/wp-json\/wp\/v2\/users\/5"}],"replies":[{"embeddable":true,"href":"https:\/\/pakis.pl\/aktualnosci\/wp-json\/wp\/v2\/comments?post=1415"}],"version-history":[{"count":1,"href":"https:\/\/pakis.pl\/aktualnosci\/wp-json\/wp\/v2\/posts\/1415\/revisions"}],"predecessor-version":[{"id":1417,"href":"https:\/\/pakis.pl\/aktualnosci\/wp-json\/wp\/v2\/posts\/1415\/revisions\/1417"}],"wp:featuredmedia":[{"embeddable":true,"href":"https:\/\/pakis.pl\/aktualnosci\/wp-json\/wp\/v2\/media\/1416"}],"wp:attachment":[{"href":"https:\/\/pakis.pl\/aktualnosci\/wp-json\/wp\/v2\/media?parent=1415"}],"wp:term":[{"taxonomy":"category","embeddable":true,"href":"https:\/\/pakis.pl\/aktualnosci\/wp-json\/wp\/v2\/categories?post=1415"},{"taxonomy":"post_tag","embeddable":true,"href":"https:\/\/pakis.pl\/aktualnosci\/wp-json\/wp\/v2\/tags?post=1415"}],"curies":[{"name":"wp","href":"https:\/\/api.w.org\/{rel}","templated":true}]}}