{"id":1513,"date":"2017-05-11T22:20:21","date_gmt":"2017-05-11T20:20:21","guid":{"rendered":"https:\/\/pakis.pl\/aktualnosci\/?p=1513"},"modified":"2021-04-16T15:29:41","modified_gmt":"2021-04-16T13:29:41","slug":"artur-sowinski-efektownie-zakonczyl-walke-z-chlewickim-czyzby-chcial-za-niedlugi-czas-odzyskac-utracony-pas","status":"publish","type":"post","link":"https:\/\/pakis.pl\/aktualnosci\/artur-sowinski-efektownie-zakonczyl-walke-z-chlewickim-czyzby-chcial-za-niedlugi-czas-odzyskac-utracony-pas\/","title":{"rendered":"Artur Sowi\u0144ski efektownie zako\u0144czy\u0142 walk\u0119 z Chlewickim. Czy\u017cby chcia\u0142 za nied\u0142ugi czas odzyska\u0107 utracony pas?"},"content":{"rendered":"<p>Przed hucznie zapowiadan\u0105 gal\u0105 KSW 39, w studio telewizyjnym w Warszawie, w kameralnym gronie odby\u0142o si\u0119 KSW 38. Chocia\u017c presti\u017c walk dziel\u0105cy obie gale walk sztuk mieszanych dzieli ogromna przepa\u015b\u0107, to jednak nie mo\u017cna tego powiedzie\u0107 o poziomie wyst\u0119puj\u0105cych zawodnik\u00f3w. Walk\u0105 wieczoru by\u0142o starcie Artura Sowi\u0144skiego z \u0141ukaszem Chlewickim.<\/p>\n<p>Sowi\u0144ski zaprezentowa\u0142 si\u0119 z jak najlepszej strony i niejako zmaza\u0142 ze swojej karty pora\u017ck\u0119 z poprzedniej gali z Marcinem Wrzoskiem, kt\u00f3ry odebra\u0142 mu tytu\u0142 mistrza KSW. Jego walka trwa\u0142a zaledwie 2 minuty, cho\u0107 pewnie potrwa\u0142a by d\u0142u\u017cej, gdyby tr\u00f3jk\u0105t z\u0142apany nogami na szyi Chlewickiego zosta\u0142 w\u00f3wczas zerwany. Od samego pocz\u0105tku Sowi\u0144ski atakowa\u0142 przeciwnika mocnymi prostymi, a\u017c w pewnym momencie zwali\u0142 go z n\u00f3g. W parterze szuka\u0142 wyko\u0144czenia, ale jego ciosy nie robi\u0142y zbytnio wra\u017cenia na Chlewickim, tote\u017c postanowi\u0142 znale\u017a\u0107 rozwi\u0105zanie w d\u017awigni nogami. Po chwili Chlewicki mocno przyduszony udem odklepa\u0142 w rami\u0119 Sowi\u0144skiego.<\/p>\n<p>Poni\u017cej mo\u017cecie wyniki walk przeprowadzonych w ramach KSW 38\u201d<br \/>\nArtur Sowi\u0144ski (17-8) vs. \u0141ukasz Chlewicki (14-5-1)<br \/>\n\u0141ukasz Bie\u0144kowski (4-1) pokona\u0142 Antoniego Chmielewskiego (32-15) przez jednog\u0142o\u015bn\u0105 decyzj\u0119 s\u0119dzi\u00f3w<br \/>\nRoman Szyma\u0144ski (9-3) pokona\u0142 Denilsona Nevesa (11-4) przez jednog\u0142o\u015bn\u0105 decyzj\u0119 s\u0119dzi\u00f3w<br \/>\nAnzor Azhiev (6-2) pokona\u0142 Kamil Selw\u0119 (10-5) przez jednog\u0142o\u015bn\u0105 decyzj\u0119 s\u0119dzi\u00f3w<br \/>\nKamil Szymuszowski (15-4) pokona\u0142 Gracjana Szadzi\u0144skiego (5-1) przez wi\u0119kszo\u015bciow\u0105 decyzj\u0119 s\u0119dzi\u00f3w<br \/>\nGrzegorz Szulakowski (7-1) pokona\u0142 Renato Gomesa (18-9) przez TKO<br \/>\n\u0141ukasz Rajewski (6-2) pokona\u0142 Sebastiana Romanowskiego (11-7-1) przez jednog\u0142o\u015bn\u0105 decyzj\u0119 s\u0119dzi\u00f3w<br \/>\nMaciej Kazieczko (3-0) pokona\u0142 Tomasza Matusewicza (2-1) przez KO<\/p>\n<p>\u0179r\u00f3d\u0142o: sport.pl<\/p>\n","protected":false},"excerpt":{"rendered":"<p>Przed hucznie zapowiadan\u0105 gal\u0105 KSW 39, w studio telewizyjnym w Warszawie, w kameralnym gronie odby\u0142o si\u0119 KSW 38. Chocia\u017c presti\u017c walk dziel\u0105cy obie gale walk sztuk mieszanych dzieli ogromna przepa\u015b\u0107, to jednak nie mo\u017cna tego powiedzie\u0107 o poziomie wyst\u0119puj\u0105cych zawodnik\u00f3w. Walk\u0105 wieczoru by\u0142o starcie Artura Sowi\u0144skiego z \u0141ukaszem Chlewickim. Sowi\u0144ski zaprezentowa\u0142 si\u0119 z jak najlepszej [&hellip;]<\/p>\n","protected":false},"author":5,"featured_media":1514,"comment_status":"closed","ping_status":"closed","sticky":false,"template":"","format":"standard","meta":{"_lmt_disableupdate":"","_lmt_disable":"","footnotes":""},"categories":[2348],"tags":[42,211,284,126],"class_list":["post-1513","post","type-post","status-publish","format-standard","has-post-thumbnail","hentry","category-mma","tag-media","tag-mma","tag-walki-mma","tag-znani-sportowcy"],"aioseo_notices":[],"modified_by":"marketing","_links":{"self":[{"href":"https:\/\/pakis.pl\/aktualnosci\/wp-json\/wp\/v2\/posts\/1513","targetHints":{"allow":["GET"]}}],"collection":[{"href":"https:\/\/pakis.pl\/aktualnosci\/wp-json\/wp\/v2\/posts"}],"about":[{"href":"https:\/\/pakis.pl\/aktualnosci\/wp-json\/wp\/v2\/types\/post"}],"author":[{"embeddable":true,"href":"https:\/\/pakis.pl\/aktualnosci\/wp-json\/wp\/v2\/users\/5"}],"replies":[{"embeddable":true,"href":"https:\/\/pakis.pl\/aktualnosci\/wp-json\/wp\/v2\/comments?post=1513"}],"version-history":[{"count":1,"href":"https:\/\/pakis.pl\/aktualnosci\/wp-json\/wp\/v2\/posts\/1513\/revisions"}],"predecessor-version":[{"id":1515,"href":"https:\/\/pakis.pl\/aktualnosci\/wp-json\/wp\/v2\/posts\/1513\/revisions\/1515"}],"wp:featuredmedia":[{"embeddable":true,"href":"https:\/\/pakis.pl\/aktualnosci\/wp-json\/wp\/v2\/media\/1514"}],"wp:attachment":[{"href":"https:\/\/pakis.pl\/aktualnosci\/wp-json\/wp\/v2\/media?parent=1513"}],"wp:term":[{"taxonomy":"category","embeddable":true,"href":"https:\/\/pakis.pl\/aktualnosci\/wp-json\/wp\/v2\/categories?post=1513"},{"taxonomy":"post_tag","embeddable":true,"href":"https:\/\/pakis.pl\/aktualnosci\/wp-json\/wp\/v2\/tags?post=1513"}],"curies":[{"name":"wp","href":"https:\/\/api.w.org\/{rel}","templated":true}]}}