{"id":1631,"date":"2017-05-29T22:35:29","date_gmt":"2017-05-29T20:35:29","guid":{"rendered":"https:\/\/pakis.pl\/aktualnosci\/?p=1631"},"modified":"2021-04-16T12:32:57","modified_gmt":"2021-04-16T10:32:57","slug":"znany-aktor-dostal-propozycje-udzialu-w-walkach-mma-czy-strachu-nawiaze-wspolprace-z-ktoras-znana-organizacja-sportowa","status":"publish","type":"post","link":"https:\/\/pakis.pl\/aktualnosci\/znany-aktor-dostal-propozycje-udzialu-w-walkach-mma-czy-strachu-nawiaze-wspolprace-z-ktoras-znana-organizacja-sportowa\/","title":{"rendered":"Znany aktor dosta\u0142 propozycj\u0119 udzia\u0142u w walkach MMA. Czy \u201eStrachu\u201d nawi\u0105\u017ce wsp\u00f3\u0142prace z kt\u00f3r\u0105\u015b znan\u0105 organizacj\u0105 sportow\u0105?"},"content":{"rendered":"<p>Do biura Tomasza O\u015bwi\u0119ci\u0144skiego dociera coraz wi\u0119cej propozycji dotycz\u0105cych jego wyst\u0119pu dla polskiej organizacji zrzeszaj\u0105cej zawodnik\u00f3w mieszanych sztuk walk. Podobno zg\u0142aszaj\u0105 si\u0119 po niego najwi\u0119ksze organizacje, a w tym KSW, PLMMA czy FEN, ale p\u00f3ki co pozostaj\u0105 dla niego tylko alternatywn\u0105, kt\u00f3r\u0105 mo\u017cna w przysz\u0142o\u015bci rozwa\u017cy\u0107. Natenczas chce jeszcze wykorzysta\u0107 sw\u00f3j wizerunek w filmach oraz serialach.<\/p>\n<p>Rola \u201eStracha\u201d w polskim hicie \u201ePitbull Nowe porz\u0105dki\u201d otworzy\u0142a mu szerzej drzwi do kariery aktorskiej. Wnet posypa\u0142y si\u0119 inne oferty zagrania chocia\u017cby wi\u0119kszej rolki w serialu M jak Mi\u0142o\u015b\u0107. W mi\u0119dzyczasie wcielania si\u0119 w filmowe postaci otworzy\u0142 sw\u00f3j klub, tote\u017c mo\u017cna powiedzie\u0107, \u017ce ma pe\u0142ne r\u0119ce roboty. Oferta zawalczenia w klatce musia\u0142a by wi\u0119c by\u0107 naprawd\u0119 interesuj\u0105ca i zapewni\u0107 O\u015bwi\u0119ci\u0144skiemu pot\u0119\u017cny zastrzyk got\u00f3wki, by m\u00f3g\u0142 porzuci\u0107 swoje aktualne zaj\u0119cia.<\/p>\n<p>Dlaczego tak bardzo zale\u017cy organizatorom walk na \u015bci\u0105gni\u0119ciu \u201eStracha\u201d do swojej ekipy wojownik\u00f3w? Odpowied\u017a jest dosy\u0107 prosta, bowiem aktor jest osoba mocno rozpoznawaln\u0105 w mediach i interesuj\u0105ca dla odbiorc\u00f3w. Znajduje si\u0119 teraz w najja\u015bniejszym punkcie kariery. Kontrakt z O\u015bwi\u0119ci\u0144skim m\u00f3g\u0142by przyci\u0105gn\u0105\u0107 jego fan\u00f3w do kibicowaniu mu w trakcie wyst\u0119p\u00f3w w klatce. Kolejn\u0105 pobudk\u0105, kt\u00f3ra ma istotne znaczenie w przypadku wyk\u0142adni sportowej, jest to, \u017ce w przesz\u0142o\u015bci trenowa\u0142 ju\u017c judo, tote\u017c ma poj\u0119cie nie tylko o wyciskaniu sztangi i napinaniu przed lustrem mi\u0119\u015bni, ale r\u00f3wnie\u017c osobi\u015bcie do\u015bwiadcza\u0142 sztuk walki. Jak m\u00f3wi jego mened\u017cer Artur Ostaszewski, je\u015bli nadejdzie bardzo lukratywna oferta w\u00f3wczas Tomek porzuci wszystko i we\u017amie si\u0119 za MMA.<\/p>\n","protected":false},"excerpt":{"rendered":"<p>Do biura Tomasza O\u015bwi\u0119ci\u0144skiego dociera coraz wi\u0119cej propozycji dotycz\u0105cych jego wyst\u0119pu dla polskiej organizacji zrzeszaj\u0105cej zawodnik\u00f3w mieszanych sztuk walk. Podobno zg\u0142aszaj\u0105 si\u0119 po niego najwi\u0119ksze organizacje, a w tym KSW, PLMMA czy FEN, ale p\u00f3ki co pozostaj\u0105 dla niego tylko alternatywn\u0105, kt\u00f3r\u0105 mo\u017cna w przysz\u0142o\u015bci rozwa\u017cy\u0107. Natenczas chce jeszcze wykorzysta\u0107 sw\u00f3j wizerunek w filmach oraz [&hellip;]<\/p>\n","protected":false},"author":5,"featured_media":1632,"comment_status":"closed","ping_status":"closed","sticky":false,"template":"","format":"standard","meta":{"_lmt_disableupdate":"","_lmt_disable":"","footnotes":""},"categories":[2348],"tags":[141,425,42,211,111,426],"class_list":["post-1631","post","type-post","status-publish","format-standard","has-post-thumbnail","hentry","category-mma","tag-gwiazdy-ekranu","tag-kontrakt","tag-media","tag-mma","tag-nadchodzace-wydarzenia","tag-tomasz-oswiecinski"],"aioseo_notices":[],"modified_by":"marketing","_links":{"self":[{"href":"https:\/\/pakis.pl\/aktualnosci\/wp-json\/wp\/v2\/posts\/1631","targetHints":{"allow":["GET"]}}],"collection":[{"href":"https:\/\/pakis.pl\/aktualnosci\/wp-json\/wp\/v2\/posts"}],"about":[{"href":"https:\/\/pakis.pl\/aktualnosci\/wp-json\/wp\/v2\/types\/post"}],"author":[{"embeddable":true,"href":"https:\/\/pakis.pl\/aktualnosci\/wp-json\/wp\/v2\/users\/5"}],"replies":[{"embeddable":true,"href":"https:\/\/pakis.pl\/aktualnosci\/wp-json\/wp\/v2\/comments?post=1631"}],"version-history":[{"count":1,"href":"https:\/\/pakis.pl\/aktualnosci\/wp-json\/wp\/v2\/posts\/1631\/revisions"}],"predecessor-version":[{"id":1633,"href":"https:\/\/pakis.pl\/aktualnosci\/wp-json\/wp\/v2\/posts\/1631\/revisions\/1633"}],"wp:featuredmedia":[{"embeddable":true,"href":"https:\/\/pakis.pl\/aktualnosci\/wp-json\/wp\/v2\/media\/1632"}],"wp:attachment":[{"href":"https:\/\/pakis.pl\/aktualnosci\/wp-json\/wp\/v2\/media?parent=1631"}],"wp:term":[{"taxonomy":"category","embeddable":true,"href":"https:\/\/pakis.pl\/aktualnosci\/wp-json\/wp\/v2\/categories?post=1631"},{"taxonomy":"post_tag","embeddable":true,"href":"https:\/\/pakis.pl\/aktualnosci\/wp-json\/wp\/v2\/tags?post=1631"}],"curies":[{"name":"wp","href":"https:\/\/api.w.org\/{rel}","templated":true}]}}