{"id":2113,"date":"2017-08-20T19:50:00","date_gmt":"2017-08-20T17:50:00","guid":{"rendered":"https:\/\/pakis.pl\/aktualnosci\/?p=2113"},"modified":"2021-04-16T15:51:36","modified_gmt":"2021-04-16T13:51:36","slug":"dominic-thiem-poza-burta-atp-antalya-austriak-sensacyjnie-nie-sprostal-ramkumarowi-ramanathanowi","status":"publish","type":"post","link":"https:\/\/pakis.pl\/aktualnosci\/dominic-thiem-poza-burta-atp-antalya-austriak-sensacyjnie-nie-sprostal-ramkumarowi-ramanathanowi\/","title":{"rendered":"Dominic Thiem poza burt\u0105 ATP Antalya. Austriak sensacyjnie nie sprosta\u0142 Ramkumarowi Ramanathanowi."},"content":{"rendered":"<p>Ewidentnie gra na trawiastych kortach nie s\u0142u\u017cy Dominikowi Thiemowi. W tym sezonie dotychczas wyst\u0105pi\u0142 w dw\u00f3ch turniejach i wygra\u0142 tylko jeden mecz. Mia\u0142o to miejsce podczas zawod\u00f3w w Halle, kiedy to pokona\u0142 Maximiliana Marterera. Kolejn\u0105 przeszkod\u0105 by\u0142 Robin Haas, kt\u00f3ry okaza\u0142 si\u0119 lepszy. Tym razem stan\u0105\u0142 do rywalizacji w stolicy Turcji po drugiej stronie siatki Thiem spotka\u0142 Hindusa Ramkumara Ramanathana, kt\u00f3ry sklasyfikowany jest dopiero na 222 miejscu w rankingu ATP.<\/p>\n<p>Nic nie zapowiada\u0142o sensacji, ale ju\u017c od pocz\u0105tku meczu Austriak mia\u0142 problem ze z\u0142amaniem odpowiedniego rytmu. Po prostu nie wszed\u0142 w mecz, kt\u00f3ry \u0142\u0105cznie trwa\u0142 jedynie 59 minut. P\u00f3\u0142finalista Rolanda Garrosa trzy raz da\u0142 si\u0119 prze\u0142ama\u0107 oraz pope\u0142ni\u0142 a\u017c sze\u015b\u0107 b\u0142\u0119d\u00f3w podw\u00f3jnych. Ramanathan robi\u0142 swoje i to z bardzo dobrym skutkiem. W przeci\u0105gu ca\u0142ego spotkania zaserwowa\u0142 10 as\u00f3w oraz zdoby\u0142 28 punkt\u00f3w z 31 przy swoim pierwszym podaniu. To w jego karierze drugi \u0107wier\u0107fina\u0142 z g\u0142\u00f3wnego cyklu. Wcze\u015bniej ta sztuka uda\u0142a mu si\u0119 w Madras w 2016 roku.<\/p>\n<p>Rywalem Hindusa w kolejnej rundzie b\u0119dzie Marcos Baghdatis. Cypryjczyk w chwili obecnej jest sklasyfikowany na 79. miejscu w rankingu ATP. Aby dosta\u0107 si\u0119 do tej fazy turnieju musia\u0142 pokona\u0107 Carlosa Berlocqa. Argenty\u0144czyk przegra\u0142 w trzech setach 6:4, 3:6 i 7:5. Mecz z pewno\u015bci\u0105 kosztowa\u0142 sporo si\u0142 Cypryjczyka, poniewa\u017c trwa\u0142 dwie godziny i dwadzie\u015bcia minut.<\/p>\n<p>W pozosta\u0142ych meczach rozgrywanych w Turcji wygra\u0142 Fernando Verdasco ze Stevem Darcisem. Hiszpan zagra w \u0107wier\u0107finale z Adrianem Mannarino, kt\u00f3ry z kolei pokona\u0142 Mohameda Safwata.<\/p>\n","protected":false},"excerpt":{"rendered":"<p>Ewidentnie gra na trawiastych kortach nie s\u0142u\u017cy Dominikowi Thiemowi. W tym sezonie dotychczas wyst\u0105pi\u0142 w dw\u00f3ch turniejach i wygra\u0142 tylko jeden mecz. Mia\u0142o to miejsce podczas zawod\u00f3w w Halle, kiedy to pokona\u0142 Maximiliana Marterera. Kolejn\u0105 przeszkod\u0105 by\u0142 Robin Haas, kt\u00f3ry okaza\u0142 si\u0119 lepszy. Tym razem stan\u0105\u0142 do rywalizacji w stolicy Turcji po drugiej stronie siatki [&hellip;]<\/p>\n","protected":false},"author":5,"featured_media":2114,"comment_status":"closed","ping_status":"closed","sticky":false,"template":"","format":"standard","meta":{"_lmt_disableupdate":"","_lmt_disable":"","footnotes":""},"categories":[2332],"tags":[472,586,144,83],"class_list":["post-2113","post","type-post","status-publish","format-standard","has-post-thumbnail","hentry","category-tenis","tag-atp","tag-dominic-thiem","tag-tenis-ziemny","tag-wyniki-meczow"],"aioseo_notices":[],"modified_by":"marketing","_links":{"self":[{"href":"https:\/\/pakis.pl\/aktualnosci\/wp-json\/wp\/v2\/posts\/2113","targetHints":{"allow":["GET"]}}],"collection":[{"href":"https:\/\/pakis.pl\/aktualnosci\/wp-json\/wp\/v2\/posts"}],"about":[{"href":"https:\/\/pakis.pl\/aktualnosci\/wp-json\/wp\/v2\/types\/post"}],"author":[{"embeddable":true,"href":"https:\/\/pakis.pl\/aktualnosci\/wp-json\/wp\/v2\/users\/5"}],"replies":[{"embeddable":true,"href":"https:\/\/pakis.pl\/aktualnosci\/wp-json\/wp\/v2\/comments?post=2113"}],"version-history":[{"count":1,"href":"https:\/\/pakis.pl\/aktualnosci\/wp-json\/wp\/v2\/posts\/2113\/revisions"}],"predecessor-version":[{"id":2115,"href":"https:\/\/pakis.pl\/aktualnosci\/wp-json\/wp\/v2\/posts\/2113\/revisions\/2115"}],"wp:featuredmedia":[{"embeddable":true,"href":"https:\/\/pakis.pl\/aktualnosci\/wp-json\/wp\/v2\/media\/2114"}],"wp:attachment":[{"href":"https:\/\/pakis.pl\/aktualnosci\/wp-json\/wp\/v2\/media?parent=2113"}],"wp:term":[{"taxonomy":"category","embeddable":true,"href":"https:\/\/pakis.pl\/aktualnosci\/wp-json\/wp\/v2\/categories?post=2113"},{"taxonomy":"post_tag","embeddable":true,"href":"https:\/\/pakis.pl\/aktualnosci\/wp-json\/wp\/v2\/tags?post=2113"}],"curies":[{"name":"wp","href":"https:\/\/api.w.org\/{rel}","templated":true}]}}