{"id":2194,"date":"2017-08-31T21:06:43","date_gmt":"2017-08-31T19:06:43","guid":{"rendered":"https:\/\/pakis.pl\/aktualnosci\/?p=2194"},"modified":"2021-04-27T15:13:17","modified_gmt":"2021-04-27T13:13:17","slug":"memorial-istvana-gyulaia-z-polskimi-akcentami-pawel-fajdek-znow-bezkonkurencyjny-drugie-miejsca-wojciecha-nowickiego-i-piotra-malachowskiego","status":"publish","type":"post","link":"https:\/\/pakis.pl\/aktualnosci\/memorial-istvana-gyulaia-z-polskimi-akcentami-pawel-fajdek-znow-bezkonkurencyjny-drugie-miejsca-wojciecha-nowickiego-i-piotra-malachowskiego\/","title":{"rendered":"Memoria\u0142 Istvana Gyulaia z polskimi akcentami. Pawe\u0142 Fajdek zn\u00f3w bezkonkurencyjny, drugie miejsca Wojciecha Nowickiego i Piotra Ma\u0142achowskiego"},"content":{"rendered":"<p>W tym roku nie ma mocnych na Paw\u0142a Fajdka. Wygra\u0142 kolejny konkurs rzutu m\u0142otego, tym razem w Szekesfehervar podczas memoria\u0142u Isvana Gyulaia. W pierwszym rzucie uzyska\u0142 rezultat 78 metr\u00f3w i 5 centymetr\u00f3w. Drugie podej\u015bcie mia\u0142 o 3 metry s\u0142absze, ale w ka\u017cdym kolejnym posy\u0142a\u0142 m\u0142ot powy\u017cej 80 metr\u00f3w. Kolejno \u2013 80,29, 81,19, 82,64 i 80,65. Fajdek rzuca\u0142 tak jakby chcia\u0142 w ka\u017cdej serii udowodni\u0107 swoj\u0105 dominacj\u0119. Ta sztuka udawa\u0142a mu si\u0119 za ka\u017cdym razem, by\u0142 bezapelacyjnie najlepszy. Nasz drugi reprezentant Wojciech Nowicki nie przekroczy\u0142 granicy 80 metr\u00f3w, ale to wystarczy\u0142o mu w zupe\u0142no\u015bci, aby zaj\u0105\u0107 drug\u0105 lokat\u0119. Najlepszy rezultat uzyska\u0142 w drugiej pr\u00f3bie, kiedy to pos\u0142a\u0142 m\u0142ot na odleg\u0142o\u015b\u0107 77,98 metr\u00f3w.<\/p>\n<p>Sytuacja kiedy to dw\u00f3ch naszych reprezentant\u00f3w zajmuje dwa najwy\u017csze miejsca na podium powtarza si\u0119 ju\u017c pi\u0105ty raz z rz\u0119du w\u015br\u00f3d zawod\u00f3w zaliczanych do cyklu IAAF Hammer Throw Challenge. By\u0142o tak w czerwcu w Szczecinie podczas memoria\u0142u Janusza Kusoci\u0144skiego, Turku, Samorinie oraz Ostrawie. Fajdkowi nie uda\u0142o si\u0119 poprawi\u0107 w\u0142asnego rekordu memoria\u0142u Istvana Gyulaia. W 2015 roku ustanowi\u0142 najlepszy wynik rzucaj\u0105c 83 metry i 12 centymetr\u00f3w. Na trzecim miejscu uplasowa\u0142 si\u0119 Bia\u0142orusin Pawe\u0142 Barejsza. Dopiero na czwartym miejscu znalaz\u0142 si\u0119 mistrz olimpijski z Rio de Janeiro \u2013 Dilszod Nazarow.<\/p>\n<p>Natomiast w rywalizacji dyskoboli drugie miejsce zaj\u0105\u0142 Piotr Ma\u0142achowski. Polak rzuci\u0142 dyskiem na odleg\u0142o\u015b\u0107 65 metr\u00f3w i 8 centymetr\u00f3w. Lepszy by\u0142 tylko od niego Zoltan Kovago. Reprezentant gospodarzy zwyci\u0119\u017cy\u0142 wynikiem 65 metr\u00f3w i 67 centymetr\u00f3w. Na najni\u017cszym stopniu podium znalaz\u0142 si\u0119 Litwin Adrius Gudzius z wynikiem 64 metr\u00f3w i 58 centymetr\u00f3w. Nasz drugi reprezentant w tej konkurencji &#8211; Robert Urbanek zaj\u0105\u0142 pi\u0105te miejsce.<\/p>\n","protected":false},"excerpt":{"rendered":"<p>W tym roku nie ma mocnych na Paw\u0142a Fajdka. Wygra\u0142 kolejny konkurs rzutu m\u0142otego, tym razem w Szekesfehervar podczas memoria\u0142u Isvana Gyulaia. W pierwszym rzucie uzyska\u0142 rezultat 78 metr\u00f3w i 5 centymetr\u00f3w. Drugie podej\u015bcie mia\u0142 o 3 metry s\u0142absze, ale w ka\u017cdym kolejnym posy\u0142a\u0142 m\u0142ot powy\u017cej 80 metr\u00f3w. Kolejno \u2013 80,29, 81,19, 82,64 i 80,65. [&hellip;]<\/p>\n","protected":false},"author":5,"featured_media":2195,"comment_status":"closed","ping_status":"closed","sticky":false,"template":"","format":"standard","meta":{"_lmt_disableupdate":"","_lmt_disable":"","footnotes":""},"categories":[2349],"tags":[585,42,625,483,482,146],"class_list":{"0":"post-2194","1":"post","2":"type-post","3":"status-publish","4":"format-standard","5":"has-post-thumbnail","6":"hentry","7":"category-lekkoatletyka","9":"tag-media","10":"tag-memorial-istvana-gyulaia","11":"tag-pawel-fajdek","12":"tag-rzut-mlotem","13":"tag-zawody-sportowe"},"aioseo_notices":[],"modified_by":"marketing","_links":{"self":[{"href":"https:\/\/pakis.pl\/aktualnosci\/wp-json\/wp\/v2\/posts\/2194","targetHints":{"allow":["GET"]}}],"collection":[{"href":"https:\/\/pakis.pl\/aktualnosci\/wp-json\/wp\/v2\/posts"}],"about":[{"href":"https:\/\/pakis.pl\/aktualnosci\/wp-json\/wp\/v2\/types\/post"}],"author":[{"embeddable":true,"href":"https:\/\/pakis.pl\/aktualnosci\/wp-json\/wp\/v2\/users\/5"}],"replies":[{"embeddable":true,"href":"https:\/\/pakis.pl\/aktualnosci\/wp-json\/wp\/v2\/comments?post=2194"}],"version-history":[{"count":1,"href":"https:\/\/pakis.pl\/aktualnosci\/wp-json\/wp\/v2\/posts\/2194\/revisions"}],"predecessor-version":[{"id":2196,"href":"https:\/\/pakis.pl\/aktualnosci\/wp-json\/wp\/v2\/posts\/2194\/revisions\/2196"}],"wp:featuredmedia":[{"embeddable":true,"href":"https:\/\/pakis.pl\/aktualnosci\/wp-json\/wp\/v2\/media\/2195"}],"wp:attachment":[{"href":"https:\/\/pakis.pl\/aktualnosci\/wp-json\/wp\/v2\/media?parent=2194"}],"wp:term":[{"taxonomy":"category","embeddable":true,"href":"https:\/\/pakis.pl\/aktualnosci\/wp-json\/wp\/v2\/categories?post=2194"},{"taxonomy":"post_tag","embeddable":true,"href":"https:\/\/pakis.pl\/aktualnosci\/wp-json\/wp\/v2\/tags?post=2194"}],"curies":[{"name":"wp","href":"https:\/\/api.w.org\/{rel}","templated":true}]}}