{"id":2326,"date":"2017-09-18T22:42:59","date_gmt":"2017-09-18T20:42:59","guid":{"rendered":"https:\/\/pakis.pl\/aktualnosci\/?p=2326"},"modified":"2021-04-14T13:50:02","modified_gmt":"2021-04-14T11:50:02","slug":"udany-jubileuszowy-wystep-rogera-federera-szwajcar-pokonal-milosa-raonicia-i-awansowal-do-polfinalu-wimbledonu","status":"publish","type":"post","link":"https:\/\/pakis.pl\/aktualnosci\/udany-jubileuszowy-wystep-rogera-federera-szwajcar-pokonal-milosa-raonicia-i-awansowal-do-polfinalu-wimbledonu\/","title":{"rendered":"Udany jubileuszowy wyst\u0119p Rogera Federera. Szwajcar pokona\u0142 Milosa Raonicia i awansowa\u0142 do p\u00f3\u0142fina\u0142u Wimbledonu."},"content":{"rendered":"<p>By\u0142 to setny wyst\u0119p Federera w karierze na trawiastych kortach Londynu. Uczci\u0142 ten jubileusz w pi\u0119knym stylu pokonuj\u0105c zesz\u0142orocznego finalist\u0119 w trzech setach 6:4, 6:2, 7:6(4). W poprzedniej edycji Wimbledonu Ci sami tenisi\u015bci zmierzyli si\u0119 w p\u00f3\u0142finale Wimbledonu 2016, w\u00f3wczas lepszy okaza\u0142 si\u0119 Kanadyjczyk zwyci\u0119\u017caj\u0105c pi\u0119ciosetow\u0105 batali\u0119. By\u0142 to niezwykle symboliczny pojedynek w karierze Federera, poniewa\u017c po nim poinformowa\u0142 opini\u0119 publiczn\u0105, \u017ce robi sobie przerw\u0119 od profesjonalnego tenisa. Znikn\u0105\u0142 na pi\u0119\u0107 miesi\u0119cy, powr\u00f3ci\u0142 do powa\u017cnego grania w styczniu tego roku.<br \/>\nJednak wtedy Szwajcar nie by\u0142 sob\u0105, walczy\u0142 z urazem kolana, by\u0142 zm\u0119czony i rozgoryczony swoj\u0105 aktualn\u0105 dyspozycj\u0105. Teraz odradza si\u0119 niczym feniks z popio\u0142u. Od pocz\u0105tku pojedynku przej\u0105\u0142 inicjatyw\u0119 i nie wygl\u0105da\u0142 na zawodnika, kt\u00f3ry chce dopu\u015bci\u0107 do g\u0142osu swojego rywala po drugiej stronie siatki. Ju\u017c w pi\u0105tym gemie prze\u0142ama\u0142 Raonicia, co pozwoli\u0142o mu na zwyci\u0119stwo w pierwszej partii 6:4.<\/p>\n<p>Drugi set by\u0142 jeszcze \u0142atwiejszy ni\u017c poprzedni. Federer spokojnie kontrolowa\u0142 gr\u0119 i potrzebowa\u0142 mniej ni\u017c godzin\u0119, \u017ceby wygra\u0107 dwa sety. Raoni\u0107 nie m\u00f3g\u0142 osi\u0105gn\u0105\u0107 tego samego poziomu co Szwajcar, do tego stopnia, \u017ce nie potrafi\u0142 nawet prze\u0142ama\u0107 Federera, kiedy mia\u0142 na to cztery pi\u0142ki w dziewi\u0105tym gemie trzeciego seta. Mimo tego, \u017ce Szwajcar by\u0142 w sytuacji beznadziejnej to by\u0142 w stanie zdoby\u0107 pi\u0119\u0107 punkt\u00f3w z rz\u0119du. Asem serwisowym zako\u0144czy\u0142 pojedynek. To dziesi\u0105ta wygrana w bezpo\u015brednich pojedynkach z Raoniciem. Setny pojedynek na kortach Wimbledonu to tak\u017ce jego 89 zwyci\u0119stwo w Londynie. O fina\u0142 powalczy z Czechem \u2013 Tomasem Berdychem.<\/p>\n","protected":false},"excerpt":{"rendered":"<p>By\u0142 to setny wyst\u0119p Federera w karierze na trawiastych kortach Londynu. Uczci\u0142 ten jubileusz w pi\u0119knym stylu pokonuj\u0105c zesz\u0142orocznego finalist\u0119 w trzech setach 6:4, 6:2, 7:6(4). W poprzedniej edycji Wimbledonu Ci sami tenisi\u015bci zmierzyli si\u0119 w p\u00f3\u0142finale Wimbledonu 2016, w\u00f3wczas lepszy okaza\u0142 si\u0119 Kanadyjczyk zwyci\u0119\u017caj\u0105c pi\u0119ciosetow\u0105 batali\u0119. By\u0142 to niezwykle symboliczny pojedynek w karierze Federera, [&hellip;]<\/p>\n","protected":false},"author":5,"featured_media":2327,"comment_status":"closed","ping_status":"closed","sticky":false,"template":"","format":"standard","meta":{"_lmt_disableupdate":"","_lmt_disable":"","footnotes":""},"categories":[2332],"tags":[648,305,144,616,83],"class_list":["post-2326","post","type-post","status-publish","format-standard","has-post-thumbnail","hentry","category-tenis","tag-milos-raonic","tag-roger-federer","tag-tenis-ziemny","tag-wimbledon-2017","tag-wyniki-meczow"],"aioseo_notices":[],"modified_by":"marketing","_links":{"self":[{"href":"https:\/\/pakis.pl\/aktualnosci\/wp-json\/wp\/v2\/posts\/2326","targetHints":{"allow":["GET"]}}],"collection":[{"href":"https:\/\/pakis.pl\/aktualnosci\/wp-json\/wp\/v2\/posts"}],"about":[{"href":"https:\/\/pakis.pl\/aktualnosci\/wp-json\/wp\/v2\/types\/post"}],"author":[{"embeddable":true,"href":"https:\/\/pakis.pl\/aktualnosci\/wp-json\/wp\/v2\/users\/5"}],"replies":[{"embeddable":true,"href":"https:\/\/pakis.pl\/aktualnosci\/wp-json\/wp\/v2\/comments?post=2326"}],"version-history":[{"count":1,"href":"https:\/\/pakis.pl\/aktualnosci\/wp-json\/wp\/v2\/posts\/2326\/revisions"}],"predecessor-version":[{"id":2328,"href":"https:\/\/pakis.pl\/aktualnosci\/wp-json\/wp\/v2\/posts\/2326\/revisions\/2328"}],"wp:featuredmedia":[{"embeddable":true,"href":"https:\/\/pakis.pl\/aktualnosci\/wp-json\/wp\/v2\/media\/2327"}],"wp:attachment":[{"href":"https:\/\/pakis.pl\/aktualnosci\/wp-json\/wp\/v2\/media?parent=2326"}],"wp:term":[{"taxonomy":"category","embeddable":true,"href":"https:\/\/pakis.pl\/aktualnosci\/wp-json\/wp\/v2\/categories?post=2326"},{"taxonomy":"post_tag","embeddable":true,"href":"https:\/\/pakis.pl\/aktualnosci\/wp-json\/wp\/v2\/tags?post=2326"}],"curies":[{"name":"wp","href":"https:\/\/api.w.org\/{rel}","templated":true}]}}