{"id":3163,"date":"2018-01-10T21:14:09","date_gmt":"2018-01-10T20:14:09","guid":{"rendered":"https:\/\/pakis.pl\/aktualnosci\/?p=3163"},"modified":"2021-04-16T13:39:22","modified_gmt":"2021-04-16T11:39:22","slug":"polacy-wygrywaja-druzynowe-mistrzostwa-europy-juniorow-reprezentacja-polski-na-zuzlu-pod-kierownictwem-rafala-dobruckiego-zdobyla-45-punktow","status":"publish","type":"post","link":"https:\/\/pakis.pl\/aktualnosci\/polacy-wygrywaja-druzynowe-mistrzostwa-europy-juniorow-reprezentacja-polski-na-zuzlu-pod-kierownictwem-rafala-dobruckiego-zdobyla-45-punktow\/","title":{"rendered":"Polacy wygrywaj\u0105 Dru\u017cynowe Mistrzostwa Europy Junior\u00f3w. Reprezentacja Polski na \u017cu\u017clu pod kierownictwem Rafa\u0142a Dobruckiego zdoby\u0142a 45 punkt\u00f3w."},"content":{"rendered":"<p>Sobotnie zawody na owalu w Kro\u015bnie zako\u0144czy\u0142y si\u0119 sukcesem Bia\u0142o-Czerwonych. Zgodnie z przewidywaniami podopieczni Dobruckiego spisali si\u0119 na medal i to z\u0142oty. Cho\u0107 nie by\u0142o tak \u0142atwo, poniewa\u017c naszych junior\u00f3w postraszyli r\u00f3wie\u015bnicy z Danii i \u0141otwy. Nasz kraj reprezentowali zawodnicy, kt\u00f3rzy na co dzie\u0144 je\u017cd\u017c\u0105 w PGE Ekstralidze, czyli Rafa\u0142 Karczmarz, Kacper Woryna, Dominik Kubera, Bartosz Smekta\u0142a i Jakub Mi\u015bkowiak.<\/p>\n<p>Nasza dru\u017cyna mia\u0142a problemy jedynie w drugiej serii oraz na pocz\u0105tku trzeciej ods\u0142ony zawod\u00f3w. Taki moment s\u0142abo\u015bci sprawi\u0142, \u017ce Du\u0144czycy wysun\u0119li si\u0119 na prowadzenie, a tu\u017c za Polakami znale\u017ali si\u0119 na trzecim miejscu \u0141otysze. Za spraw\u0105 poprawy ustawie\u0144 w swoich maszynach Bia\u0142o-Czerwoni zacz\u0119li wygrywa\u0107 biegi seryjnie, dzi\u0119ki czemu odzyskali fotel lidera i prowadzili dziesi\u0119cioma punktami.<\/p>\n<p>Zawody nie obfitowa\u0142y w wiele mijanek. Opr\u00f3cz tego pogoda w Kro\u015bnie lubi\u0142a p\u0142ata\u0107 figle, czego efektem by\u0142 odwo\u0142any rano trening przed zawodami. Nadspodziewanie dobrze w takich warunkach je\u017adzili Du\u0144czycy, ale brak do\u015bwiadczenia najlepiej punktuj\u0105cego dotychczas Tima Soerensena w efekcie m\u00f3g\u0142 da\u0107 im tylko srebrny medal. Opr\u00f3cz niego w dru\u017cynie na wyr\u00f3\u017cnienie zas\u0142u\u017cy\u0142 Mads Hansen i Kasper Andersen.<\/p>\n<p>Nie bez szans w ca\u0142ej stawce byli \u0141otysze, kt\u00f3rzy do ko\u0144ca turnieju toczyli b\u00f3j o drugie miejsce. Niewiele brakowa\u0142o, a organizatorzy musieliby zorganizowa\u0107 dodatkowy bieg, ale w ostatnim wy\u015bcigu reprezentant \u0141otwy przyjecha\u0142 za zawodnikiem z Danii. T\u0142em dla wszystkich bior\u0105cych udzia\u0142 w finale DMEJ ekip by\u0142a dru\u017cyna Niemiec, kt\u00f3ra zdo\u0142a\u0142a uzbiera\u0107 przez ca\u0142e zawody jedynie sze\u015b\u0107 punkt\u00f3w.<\/p>\n<p>Ko\u0144cowa klasyfikacja fina\u0142u Dru\u017cynowych Mistrzostw Europy Junior\u00f3w 2017:<br \/>\n1. Polska 45 pkt<br \/>\n2. Dania 35 pkt<br \/>\n3. \u0141otwa 33 pkt<br \/>\n4. Niemcy 6 pkt<\/p>\n","protected":false},"excerpt":{"rendered":"<p>Sobotnie zawody na owalu w Kro\u015bnie zako\u0144czy\u0142y si\u0119 sukcesem Bia\u0142o-Czerwonych. Zgodnie z przewidywaniami podopieczni Dobruckiego spisali si\u0119 na medal i to z\u0142oty. Cho\u0107 nie by\u0142o tak \u0142atwo, poniewa\u017c naszych junior\u00f3w postraszyli r\u00f3wie\u015bnicy z Danii i \u0141otwy. Nasz kraj reprezentowali zawodnicy, kt\u00f3rzy na co dzie\u0144 je\u017cd\u017c\u0105 w PGE Ekstralidze, czyli Rafa\u0142 Karczmarz, Kacper Woryna, Dominik Kubera, [&hellip;]<\/p>\n","protected":false},"author":5,"featured_media":3164,"comment_status":"closed","ping_status":"closed","sticky":false,"template":"","format":"standard","meta":{"_lmt_disableupdate":"","_lmt_disable":"","footnotes":""},"categories":[2353],"tags":[877,878,494,474],"class_list":{"0":"post-3163","1":"post","2":"type-post","3":"status-publish","4":"format-standard","5":"has-post-thumbnail","6":"hentry","7":"category-zuzel","9":"tag-koncowa-klasyfikacja","10":"tag-wyniki-przejazdow","11":"tag-zuzel"},"aioseo_notices":[],"modified_by":"marketing","_links":{"self":[{"href":"https:\/\/pakis.pl\/aktualnosci\/wp-json\/wp\/v2\/posts\/3163","targetHints":{"allow":["GET"]}}],"collection":[{"href":"https:\/\/pakis.pl\/aktualnosci\/wp-json\/wp\/v2\/posts"}],"about":[{"href":"https:\/\/pakis.pl\/aktualnosci\/wp-json\/wp\/v2\/types\/post"}],"author":[{"embeddable":true,"href":"https:\/\/pakis.pl\/aktualnosci\/wp-json\/wp\/v2\/users\/5"}],"replies":[{"embeddable":true,"href":"https:\/\/pakis.pl\/aktualnosci\/wp-json\/wp\/v2\/comments?post=3163"}],"version-history":[{"count":1,"href":"https:\/\/pakis.pl\/aktualnosci\/wp-json\/wp\/v2\/posts\/3163\/revisions"}],"predecessor-version":[{"id":3165,"href":"https:\/\/pakis.pl\/aktualnosci\/wp-json\/wp\/v2\/posts\/3163\/revisions\/3165"}],"wp:featuredmedia":[{"embeddable":true,"href":"https:\/\/pakis.pl\/aktualnosci\/wp-json\/wp\/v2\/media\/3164"}],"wp:attachment":[{"href":"https:\/\/pakis.pl\/aktualnosci\/wp-json\/wp\/v2\/media?parent=3163"}],"wp:term":[{"taxonomy":"category","embeddable":true,"href":"https:\/\/pakis.pl\/aktualnosci\/wp-json\/wp\/v2\/categories?post=3163"},{"taxonomy":"post_tag","embeddable":true,"href":"https:\/\/pakis.pl\/aktualnosci\/wp-json\/wp\/v2\/tags?post=3163"}],"curies":[{"name":"wp","href":"https:\/\/api.w.org\/{rel}","templated":true}]}}