{"id":3280,"date":"2018-01-12T20:11:22","date_gmt":"2018-01-12T19:11:22","guid":{"rendered":"https:\/\/pakis.pl\/aktualnosci\/?p=3280"},"modified":"2021-04-16T12:56:44","modified_gmt":"2021-04-16T10:56:44","slug":"slowenia-koszykarska-potega-europy-pierwszy-raz-w-historii-slowency-wygrywaja-eurobasket","status":"publish","type":"post","link":"https:\/\/pakis.pl\/aktualnosci\/slowenia-koszykarska-potega-europy-pierwszy-raz-w-historii-slowency-wygrywaja-eurobasket\/","title":{"rendered":"S\u0142owenia koszykarsk\u0105 pot\u0119g\u0105 Europy! Pierwszy raz w historii S\u0142owe\u0144cy wygrywaj\u0105 EuroBasket."},"content":{"rendered":"<p>Nie lada sensacj\u0105 zako\u0144czy\u0142a si\u0119 tegoroczna edycja turnieju o Mistrzostwo Europy w koszyk\u00f3wce. Niespodziewanie zatriumfowali S\u0142owe\u0144cy, kt\u00f3rzy w finale pokonali Serbi\u0119 93:85. Mecz \u017cycia rozegra\u0142 Goran Dragi\u0107. Lider dru\u017cyny prowadzonej przez selekcjonera Igora Kokosova zanotowa\u0142 na swoim koncie trzydzie\u015bci pi\u0119\u0107 punkt\u00f3w, siedem zbi\u00f3rek oraz trzy asysty. To by\u0142 perfekcyjny turniej nie tylko w wykonaniu tego koszykarza, ale ca\u0142ej dru\u017cyny, kt\u00f3ra wygra\u0142a wszystkie dziewi\u0119\u0107 mecz\u00f3w rozegranych w ramach EuroBasketu.<\/p>\n<p>W drugiej kwarcie zarysowa\u0142a si\u0119 najbardziej widoczna przewaga S\u0142owe\u0144c\u00f3w nad zespo\u0142em z Ba\u0142kan\u00f3w. W\u00f3wczas wspomniany Dragi\u0107 trafia\u0142 seryjnie, a jego reprezentacja wysz\u0142a na prowadzenie 54:43. Mecz zrobi\u0142 si\u0119 bardziej zaci\u0119ty w momencie opuszczenia parkietu przez Luk\u0119 Doncicia. Powodem by\u0142 skr\u0119cenie stawu skokowego przez osiemnastolatka. Serbowie skrz\u0119tnie to wykorzystali i praktycznie doprowadzili do remisu.<\/p>\n<p>W 35 minucie spotkania na prowadzenie 78:77 wyszli podopieczni Aleksandara Djordjevicia. Kluczem do sukcesu S\u0142owe\u0144c\u00f3w by\u0142 dobry fragment spotkania w wykonaniu Klemena Prepelicia i Anthony\u2019ego Randolpha. Ich skuteczno\u015b\u0107 doprowadzi\u0142a S\u0142oweni\u0119 do historycznego sukcesu. Opr\u00f3cz Dragicia na wyr\u00f3\u017cnienie zas\u0142uguje w\u0142a\u015bnie Prepeli\u0107, kt\u00f3ry do\u0142o\u017cy\u0142 dwadzie\u015bcia jeden oczek, w tym jego cztery pr\u00f3by zza \u0142uku okaza\u0142y si\u0119 skuteczne. Po stronie Serb\u00f3w najlepiej zaprezentowa\u0142 si\u0119 duet Bogdanovi\u0107 \u2013 Macvan, kt\u00f3ry zaliczy\u0142 \u0142\u0105cznie czterdzie\u015bci oczek. Jednak to nie wystarczy\u0142o na zdobycie z\u0142otego medalu Mistrzostw Europy.<\/p>\n<p>Dotychczas w 2009 roku S\u0142owe\u0144cy odnotowali sw\u00f3j najwi\u0119kszy sukces, zajmuj\u0105c podczas turnieju w Polsce czwart\u0105 lokat\u0119. Z kolei ju\u017c aktualni wicemistrzowie Europy s\u0105 te\u017c srebrnymi medalistami z Igrzysk Olimpijskich w Rio.<\/p>\n","protected":false},"excerpt":{"rendered":"<p>Nie lada sensacj\u0105 zako\u0144czy\u0142a si\u0119 tegoroczna edycja turnieju o Mistrzostwo Europy w koszyk\u00f3wce. Niespodziewanie zatriumfowali S\u0142owe\u0144cy, kt\u00f3rzy w finale pokonali Serbi\u0119 93:85. Mecz \u017cycia rozegra\u0142 Goran Dragi\u0107. Lider dru\u017cyny prowadzonej przez selekcjonera Igora Kokosova zanotowa\u0142 na swoim koncie trzydzie\u015bci pi\u0119\u0107 punkt\u00f3w, siedem zbi\u00f3rek oraz trzy asysty. To by\u0142 perfekcyjny turniej nie tylko w wykonaniu tego [&hellip;]<\/p>\n","protected":false},"author":5,"featured_media":3281,"comment_status":"closed","ping_status":"closed","sticky":false,"template":"","format":"standard","meta":{"_lmt_disableupdate":"","_lmt_disable":"","footnotes":""},"categories":[2330],"tags":[704,151,880,83],"class_list":["post-3280","post","type-post","status-publish","format-standard","has-post-thumbnail","hentry","category-koszykowka","tag-eurobasket","tag-koszykowka","tag-slowenia-serbia","tag-wyniki-meczow"],"aioseo_notices":[],"modified_by":"marketing","_links":{"self":[{"href":"https:\/\/pakis.pl\/aktualnosci\/wp-json\/wp\/v2\/posts\/3280","targetHints":{"allow":["GET"]}}],"collection":[{"href":"https:\/\/pakis.pl\/aktualnosci\/wp-json\/wp\/v2\/posts"}],"about":[{"href":"https:\/\/pakis.pl\/aktualnosci\/wp-json\/wp\/v2\/types\/post"}],"author":[{"embeddable":true,"href":"https:\/\/pakis.pl\/aktualnosci\/wp-json\/wp\/v2\/users\/5"}],"replies":[{"embeddable":true,"href":"https:\/\/pakis.pl\/aktualnosci\/wp-json\/wp\/v2\/comments?post=3280"}],"version-history":[{"count":1,"href":"https:\/\/pakis.pl\/aktualnosci\/wp-json\/wp\/v2\/posts\/3280\/revisions"}],"predecessor-version":[{"id":3282,"href":"https:\/\/pakis.pl\/aktualnosci\/wp-json\/wp\/v2\/posts\/3280\/revisions\/3282"}],"wp:featuredmedia":[{"embeddable":true,"href":"https:\/\/pakis.pl\/aktualnosci\/wp-json\/wp\/v2\/media\/3281"}],"wp:attachment":[{"href":"https:\/\/pakis.pl\/aktualnosci\/wp-json\/wp\/v2\/media?parent=3280"}],"wp:term":[{"taxonomy":"category","embeddable":true,"href":"https:\/\/pakis.pl\/aktualnosci\/wp-json\/wp\/v2\/categories?post=3280"},{"taxonomy":"post_tag","embeddable":true,"href":"https:\/\/pakis.pl\/aktualnosci\/wp-json\/wp\/v2\/tags?post=3280"}],"curies":[{"name":"wp","href":"https:\/\/api.w.org\/{rel}","templated":true}]}}