{"id":3551,"date":"2018-02-18T19:22:01","date_gmt":"2018-02-18T18:22:01","guid":{"rendered":"https:\/\/pakis.pl\/aktualnosci\/?p=3551"},"modified":"2021-04-14T11:48:49","modified_gmt":"2021-04-14T09:48:49","slug":"klopoty-rosy-radom-od-porazki-rozpoczeli-radomianie-swoje-zmagania-w-koszykarskiej-lidze-mistrzow","status":"publish","type":"post","link":"https:\/\/pakis.pl\/aktualnosci\/klopoty-rosy-radom-od-porazki-rozpoczeli-radomianie-swoje-zmagania-w-koszykarskiej-lidze-mistrzow\/","title":{"rendered":"K\u0142opoty Rosy Radom. Od pora\u017cki rozpocz\u0119li Radomianie swoje zmagania w koszykarskiej Lidze Mistrz\u00f3w."},"content":{"rendered":"<p>W pierwszym meczu eliminacyjnym do najwa\u017cniejszych koszykarskich klubowych rozgrywek na Starym Kontynencie Rosa Radom uleg\u0142a Telentem Giants Antwerpia 69:75. W mecz dobrze wesz\u0142a polska dru\u017cyna, kt\u00f3ra wysz\u0142a szybko na prowadzenie po widowiskowej akcji Patrika Audy. Ten efektowny wsad m\u00f3g\u0142 si\u0119 podoba\u0107 ka\u017cdemu fanowi koszyk\u00f3wki. Kontrolowanie sytuacji na parkiecie ca\u0142kiem dobrze wychodzi\u0142o graczom Rosy, ale po pewnym czasie straty zacz\u0119li odrabia\u0107 Belgowie, a nast\u0119pnie wyszli na nieznaczne prowadzenie. Mimo celnego rzutu za trzy w wykonaniu Daniela Szymkiewicza i doprowadzenia w ten spos\u00f3b do remisu 24:24 do g\u0142osu wkr\u00f3tce doszli gospodarze, na czele z Parisem Lee. Dzi\u0119ki swojemu liderowi koszykarze z Antwerpii wyszli na o\u015bmiopunktowe prowadzenie.<\/p>\n<p>Radomianie jednak trzymali kontakt ze swoimi rywalami. Dobrze spisywa\u0142 si\u0119 Jaros\u0142aw Trojan, kt\u00f3ry zmniejszy\u0142 strat\u0119 do pi\u0119ciu punkt\u00f3w. Ko\u0144c\u00f3wka trzeciej kwarty to znowu \u015bwietna postawa zawodnik\u00f3w polskiego klubu. Micha\u0142 Soko\u0142owski poprzez akcj\u0119 trzy plus jeden zmniejszy\u0142 straty jedynie do trzech punkt\u00f3w.<\/p>\n<p>Niestety w czwartej ods\u0142onie spotkania co\u015b si\u0119 zaci\u0119\u0142o, od momentu kiedy Radomianie tracili dwa punkty do Belg\u00f3w zacz\u0119\u0142a zawodzi\u0107 skuteczno\u015b\u0107. Z kolei zawodnicy Telentem Giants Antwerpia trafiali praktycznie z ka\u017cdej pozycji. Pokaz swoich umiej\u0119tno\u015bci zaprezentowali Aleksander Marelja, Dave Dudzinski i Dennis Donkor. Za spraw\u0105 tych trzech zawodnik\u00f3w gospodarze zwyci\u0119\u017cyli z przewag\u0105 sze\u015bciu punkt\u00f3w. Dudzinski z dorobkiem pi\u0119tnastu punkt\u00f3w zosta\u0142 najlepszym strzelcem Telenetu. Po stronie Rosy najlepszy by\u0142 Auda, kt\u00f3ry uzbiera\u0142 dziewi\u0119tna\u015bcie oczek.<\/p>\n<p>Szans na odrobienie strat b\u0119dzie trzeba poszuka\u0107 w radomskiej hali w najbli\u017cszy poniedzia\u0142ek.<\/p>\n","protected":false},"excerpt":{"rendered":"<p>W pierwszym meczu eliminacyjnym do najwa\u017cniejszych koszykarskich klubowych rozgrywek na Starym Kontynencie Rosa Radom uleg\u0142a Telentem Giants Antwerpia 69:75. W mecz dobrze wesz\u0142a polska dru\u017cyna, kt\u00f3ra wysz\u0142a szybko na prowadzenie po widowiskowej akcji Patrika Audy. Ten efektowny wsad m\u00f3g\u0142 si\u0119 podoba\u0107 ka\u017cdemu fanowi koszyk\u00f3wki. Kontrolowanie sytuacji na parkiecie ca\u0142kiem dobrze wychodzi\u0142o graczom Rosy, ale po [&hellip;]<\/p>\n","protected":false},"author":5,"featured_media":3552,"comment_status":"closed","ping_status":"closed","sticky":false,"template":"","format":"standard","meta":{"_lmt_disableupdate":"","_lmt_disable":"","footnotes":""},"categories":[2330],"tags":[151,344,1000,1001,83],"class_list":["post-3551","post","type-post","status-publish","format-standard","has-post-thumbnail","hentry","category-koszykowka","tag-koszykowka","tag-liga-mistrzow","tag-rosa-radom","tag-telenet-giants-antwerpia","tag-wyniki-meczow"],"aioseo_notices":[],"modified_by":"marketing","_links":{"self":[{"href":"https:\/\/pakis.pl\/aktualnosci\/wp-json\/wp\/v2\/posts\/3551","targetHints":{"allow":["GET"]}}],"collection":[{"href":"https:\/\/pakis.pl\/aktualnosci\/wp-json\/wp\/v2\/posts"}],"about":[{"href":"https:\/\/pakis.pl\/aktualnosci\/wp-json\/wp\/v2\/types\/post"}],"author":[{"embeddable":true,"href":"https:\/\/pakis.pl\/aktualnosci\/wp-json\/wp\/v2\/users\/5"}],"replies":[{"embeddable":true,"href":"https:\/\/pakis.pl\/aktualnosci\/wp-json\/wp\/v2\/comments?post=3551"}],"version-history":[{"count":1,"href":"https:\/\/pakis.pl\/aktualnosci\/wp-json\/wp\/v2\/posts\/3551\/revisions"}],"predecessor-version":[{"id":3553,"href":"https:\/\/pakis.pl\/aktualnosci\/wp-json\/wp\/v2\/posts\/3551\/revisions\/3553"}],"wp:featuredmedia":[{"embeddable":true,"href":"https:\/\/pakis.pl\/aktualnosci\/wp-json\/wp\/v2\/media\/3552"}],"wp:attachment":[{"href":"https:\/\/pakis.pl\/aktualnosci\/wp-json\/wp\/v2\/media?parent=3551"}],"wp:term":[{"taxonomy":"category","embeddable":true,"href":"https:\/\/pakis.pl\/aktualnosci\/wp-json\/wp\/v2\/categories?post=3551"},{"taxonomy":"post_tag","embeddable":true,"href":"https:\/\/pakis.pl\/aktualnosci\/wp-json\/wp\/v2\/tags?post=3551"}],"curies":[{"name":"wp","href":"https:\/\/api.w.org\/{rel}","templated":true}]}}