{"id":6094,"date":"2023-01-30T13:06:30","date_gmt":"2023-01-30T12:06:30","guid":{"rendered":"https:\/\/pakis.pl\/aktualnosci\/?p=6094"},"modified":"2026-01-12T15:50:42","modified_gmt":"2026-01-12T14:50:42","slug":"praca-na-farmie-alpak-po-kursie-alpakoterapia","status":"publish","type":"post","link":"https:\/\/pakis.pl\/aktualnosci\/praca-na-farmie-alpak-po-kursie-alpakoterapia\/","title":{"rendered":"Praca na farmie alpak po kursie Alpakoterapia"},"content":{"rendered":"<p>W dobie nieustannego post\u0119pu farmakologicznego istnieje coraz wi\u0119cej skutecznych metod leczenia oraz wspomagania os\u00f3b borykaj\u0105cych si\u0119 z r\u00f3\u017cnego rodzaju schorzeniami czy dysfunkcjami. W celu uzupe\u0142nienia klasycznych form leczenia, od pewnego czasu wykorzystuje si\u0119 z powodzeniem tak\u017ce naturalne formy terapii. Jedn\u0105 z nich jest kontakt z alpakami.<\/p>\n<p>Cho\u0107 s\u0105 to zwierz\u0119ta pochodz\u0105ce z Ameryki Po\u0142udniowej, <strong>farma alpak<\/strong> jest coraz cz\u0119\u015bciej spotykana r\u00f3wnie\u017c w Polsce. Wraz z rosn\u0105cym zainteresowaniem alpakoterapi\u0105, wzrasta zapotrzebowanie na osoby posiadaj\u0105ce wiedz\u0119 na temat prowadzenia farmy, a tak\u017ce zaj\u0119\u0107 w towarzystwie tych niezwykle uroczych zwierz\u0105t.<\/p>\n<h2>Dlaczego alpaka to \u015bwietny towarzysz podczas terapii?<\/h2>\n<p>Alpaki s\u0105 ssakami z rodziny wielb\u0142\u0105dowatych, cz\u0119sto mylonymi z lamami \u2013 ich bliskimi krewnymi. <strong>Pochodz\u0105 z Ameryki Po\u0142udniowej,<\/strong> gdzie pierwotnie zamieszkiwa\u0142y <strong>g\u00f3ry<\/strong> <strong>Andy<\/strong>. Szybko jednak przystosowa\u0142y si\u0119 r\u00f3wnie\u017c do naszego klimatu, gdzie \u017cyje im si\u0119 bardzo dobrze. Przede wszystkim dzi\u0119ki osobom, kt\u00f3re posiadaj\u0105 odpowiedni\u0105 wiedz\u0119 na temat ich piel\u0119gnacji, od\u017cywiania oraz zachowania.<\/p>\n<p>Z uwagi na ich przyjazny charakter oraz towarzyskie usposobienie, s\u0105 \u015bwietnymi partnerami terapii zar\u00f3wno dzieci, jak i os\u00f3b doros\u0142ych. Jednym z wa\u017cniejszych atut\u00f3w jest ich niezwykle mi\u0119kka we\u0142na o hipoalergicznych w\u0142a\u015bciwo\u015bciach, kt\u00f3ra gwarantuje niesamowite doznania \u2013 <strong>przede wszystkim sensoryczne<\/strong>.<\/p>\n<h2>Terapia na farmie alpak<\/h2>\n<p>Alpakoterapia to jedna z dziedzin zooterapii (animaloterapii), kt\u00f3ra aktualnie cieszy si\u0119 bardzo du\u017c\u0105 popularno\u015bci\u0105 nie tylko <strong>w\u015br\u00f3d pacjent\u00f3w<\/strong>, ale i samych <strong>terapeut\u00f3w<\/strong>. Obcowanie z tymi przyjaznymi zwierz\u0119tami z regu\u0142y odbywa si\u0119 na farmie alpak, poniewa\u017c zwierz\u0119ta najlepiej czuj\u0105 si\u0119 w swoim, dobrze znanym \u015brodowisku.<\/p>\n<p><strong>Kontakt z nimi wykazuje dzia\u0142anie terapeutyczne szczeg\u00f3lnie w przypadku os\u00f3b z:<\/strong><\/p>\n<ul>\n<li>nerwic\u0105,<\/li>\n<li>depresj\u0105,<\/li>\n<li>zespo\u0142em Downa,<\/li>\n<li>m\u00f3zgowym pora\u017ceniem dzieci\u0119cym,<\/li>\n<li>zaburzeniami ze spektrum autyzmu.<\/li>\n<\/ul>\n<p>Wielu aspiruj\u0105cych hodowc\u00f3w alpak zauwa\u017ca potencja\u0142 takiego przedsi\u0119wzi\u0119cia, poniewa\u017c popularno\u015b\u0107 tego gatunku wp\u0142yn\u0119\u0142a r\u00f3wnie\u017c na cen\u0119 i dost\u0119pno\u015b\u0107. <a href=\"https:\/\/pakis.pl\/kursy\/358\">Ile kosztuje alpaka<\/a> aktualnie? \u015aredni koszt zakupu wynosi od 8 do 10 tysi\u0119cy z\u0142otych, jednak istniej\u0105 r\u00f3wnie\u017c alpaki lepszej klasy, za kt\u00f3re mo\u017cna zap\u0142aci\u0107 nawet 20 tysi\u0119cy.<\/p>\n<p><img loading=\"lazy\" decoding=\"async\" class=\"alignnone wp-image-6098\" src=\"https:\/\/pakis.pl\/aktualnosci\/wp-content\/uploads\/2023\/01\/instruktor-alpakoterapii-online-300x198.png\" alt=\"instruktor alpakoterapii online\" width=\"673\" height=\"444\" srcset=\"https:\/\/pakis.pl\/aktualnosci\/wp-content\/uploads\/2023\/01\/instruktor-alpakoterapii-online-300x198.png 300w, https:\/\/pakis.pl\/aktualnosci\/wp-content\/uploads\/2023\/01\/instruktor-alpakoterapii-online-768x506.png 768w, https:\/\/pakis.pl\/aktualnosci\/wp-content\/uploads\/2023\/01\/instruktor-alpakoterapii-online-696x458.png 696w, https:\/\/pakis.pl\/aktualnosci\/wp-content\/uploads\/2023\/01\/instruktor-alpakoterapii-online-638x420.png 638w, https:\/\/pakis.pl\/aktualnosci\/wp-content\/uploads\/2023\/01\/instruktor-alpakoterapii-online.png 861w\" sizes=\"auto, (max-width: 673px) 100vw, 673px\" \/><\/p>\n<h2>Sesja z alpakami \u2013 pozytywne rezultaty<\/h2>\n<p>Osoby prowadz\u0105ce terapi\u0119 na farmie alpak, czyli alpakoterapeuci, dostosowuj\u0105 zaj\u0119cia do potrzeb i mo\u017cliwo\u015bci pacjent\u00f3w. Je\u015bli uczestnikami s\u0105 dzieci, najcz\u0119\u015bciej sesje z alpakami pozwalaj\u0105 <strong>\u0107wiczy\u0107 du\u017c\u0105 i ma\u0142\u0105 motoryk\u0119<\/strong>, <strong>wprowadza\u0107 elementy Integracji Sensorycznej, a tak\u017ce rozwija\u0107 zdolno\u015bci plastyczne<\/strong>. Dodatkowo, kontakt najm\u0142odszych wielbicieli tych sympatycznych zwierzak\u00f3w zmotywuje ich do ruchu oraz pozytywnie wp\u0142ynie na ich kompetencje komunikacyjne czy spo\u0142eczne.<\/p>\n<p>Osoby doros\u0142e b\u0119d\u0105 czerpa\u0107 bardzo wiele przyjemno\u015bci z samego obcowania z alpakami \u2013 ich karmienia, dotykania czy spacerowania u ich boku. Zwierz\u0119ta te pozwalaj\u0105 si\u0119 <strong>uspokoi\u0107<\/strong>, <strong>rozlu\u017ani\u0107<\/strong> oraz <strong>wyciszy\u0107<\/strong>. Dzia\u0142a to w obie strony, poniewa\u017c s\u0105 to aktywno\u015bci, kt\u00f3re alpaki lubi\u0105.<\/p>\n<h2>Terapia alpakami \u2013 kto mo\u017ce pracowa\u0107 na farmie i prowadzi\u0107 zaj\u0119cia?<\/h2>\n<p>Aby zaj\u0119cia w towarzystwie alpak by\u0142y efektywne i \u2013 co najwa\u017cniejsze \u2013 bezpieczne, musi by\u0107 spe\u0142nionych kilka podstawowych zasad. O ile do pracy z pacjentami odpowiednia b\u0119dzie ka\u017cda alpaka, bez wzgl\u0119du na wiek, p\u0142e\u0107 czy warto\u015b\u0107 genetyczn\u0105, o tyle zaj\u0119cia terapeutyczne nie mog\u0105 by\u0107 prowadzone przez ka\u017cd\u0105 osob\u0119, a przez wykwalifikowanego alpakoterapeut\u0119.<\/p>\n<h3>Alpakoterapia \u2013 kurs przydatny w rozpocz\u0119ciu kariery terapii<\/h3>\n<p>Alpakoterapia wymaga os\u00f3b o odpowiednich kwalifikacjach, umiej\u0119tno\u015bciach oraz wiedzy. Musz\u0105 one wiedzie\u0107 nie tylko, <strong>co lubi\u0105 alpaki<\/strong> i jak si\u0119 nimi opiekowa\u0107, ale r\u00f3wnie\u017c w jaki spos\u00f3b prowadzi\u0107 zaj\u0119cia, aby by\u0142y efektywne dla zainteresowanych os\u00f3b.<\/p>\n<p>Aktualnie nie istniej\u0105 ograniczenia, kt\u00f3re wykluczaj\u0105 jak\u0105\u015b grup\u0119 zawodow\u0105 i terapi\u0119 alpakami mog\u0105 prowadzi\u0107 pracownicy r\u00f3\u017cnych bran\u017c \u2013 np. nauczyciele, hodowcy, psychologowie czy lekarze. Bardzo przydatnym w tej kwestii jest <strong>Kurs Instruktora Alpakoterapii<\/strong>, kt\u00f3rego uko\u0144czenie daje mo\u017cliwo\u015b\u0107 legalnego zatrudnienia jako prowadz\u0105cy zaj\u0119cia:<\/p>\n<ul>\n<li>rekreacyjne dla dzieci, m\u0142odzie\u017cy oraz os\u00f3b doros\u0142ych,<\/li>\n<li>jako terapi\u0119 wspomagaj\u0105c\u0105 inne formy leczenia os\u00f3b z zaburzeniami oraz dysfunkcjami.<\/li>\n<\/ul>\n<p>Wiedza zdobyta w trakcie kursu oka\u017ce si\u0119 niezwykle przydatna dla os\u00f3b, kt\u00f3re chc\u0105 poprowadzi\u0107 swoj\u0105 \u015bcie\u017ck\u0119 zawodow\u0105 w kierunku hodowcy alpak. Jest to coraz bardziej popularne i op\u0142acalne zaj\u0119cie \u2013 zar\u00f3wno w kontek\u015bcie prowadzenia alpakoterapii, jak r\u00f3wnie\u017c modnej dzi\u015b agroturystyki.<\/p>\n\n\n<p>Chcesz zosta\u0107 alpakoterapeut\u0105? Wybierz nasz <strong>Kurs Instruktora Alpakoterapii<\/strong> i rozwijaj swoj\u0105 karier\u0119 w towarzystwie tych niezwyk\u0142ych zwierz\u0105t z Ameryki Po\u0142udniowej.<\/p>\n","protected":false},"excerpt":{"rendered":"<p>W dobie nieustannego post\u0119pu farmakologicznego istnieje coraz wi\u0119cej skutecznych metod leczenia oraz wspomagania os\u00f3b borykaj\u0105cych si\u0119 z r\u00f3\u017cnego rodzaju schorzeniami czy dysfunkcjami. W celu uzupe\u0142nienia klasycznych form leczenia, od pewnego czasu wykorzystuje si\u0119 z powodzeniem tak\u017ce naturalne formy terapii. Jedn\u0105 z nich jest kontakt z alpakami. Cho\u0107 s\u0105 to zwierz\u0119ta pochodz\u0105ce z Ameryki Po\u0142udniowej, farma [&hellip;]<\/p>\n","protected":false},"author":11,"featured_media":6097,"comment_status":"closed","ping_status":"closed","sticky":false,"template":"","format":"standard","meta":{"_lmt_disableupdate":"","_lmt_disable":"","footnotes":""},"categories":[2354],"tags":[2393,2392,2402],"class_list":["post-6094","post","type-post","status-publish","format-standard","has-post-thumbnail","hentry","category-praca-ze-zwierzetami","tag-alpakoterapeuta","tag-alpakoterapia","tag-kurs-alpakoterapii"],"aioseo_notices":[],"modified_by":"digital","_links":{"self":[{"href":"https:\/\/pakis.pl\/aktualnosci\/wp-json\/wp\/v2\/posts\/6094","targetHints":{"allow":["GET"]}}],"collection":[{"href":"https:\/\/pakis.pl\/aktualnosci\/wp-json\/wp\/v2\/posts"}],"about":[{"href":"https:\/\/pakis.pl\/aktualnosci\/wp-json\/wp\/v2\/types\/post"}],"author":[{"embeddable":true,"href":"https:\/\/pakis.pl\/aktualnosci\/wp-json\/wp\/v2\/users\/11"}],"replies":[{"embeddable":true,"href":"https:\/\/pakis.pl\/aktualnosci\/wp-json\/wp\/v2\/comments?post=6094"}],"version-history":[{"count":5,"href":"https:\/\/pakis.pl\/aktualnosci\/wp-json\/wp\/v2\/posts\/6094\/revisions"}],"predecessor-version":[{"id":7806,"href":"https:\/\/pakis.pl\/aktualnosci\/wp-json\/wp\/v2\/posts\/6094\/revisions\/7806"}],"wp:featuredmedia":[{"embeddable":true,"href":"https:\/\/pakis.pl\/aktualnosci\/wp-json\/wp\/v2\/media\/6097"}],"wp:attachment":[{"href":"https:\/\/pakis.pl\/aktualnosci\/wp-json\/wp\/v2\/media?parent=6094"}],"wp:term":[{"taxonomy":"category","embeddable":true,"href":"https:\/\/pakis.pl\/aktualnosci\/wp-json\/wp\/v2\/categories?post=6094"},{"taxonomy":"post_tag","embeddable":true,"href":"https:\/\/pakis.pl\/aktualnosci\/wp-json\/wp\/v2\/tags?post=6094"}],"curies":[{"name":"wp","href":"https:\/\/api.w.org\/{rel}","templated":true}]}}