{"id":795,"date":"2017-01-11T19:16:00","date_gmt":"2017-01-11T18:16:00","guid":{"rendered":"https:\/\/pakis.pl\/aktualnosci\/?p=795"},"modified":"2021-04-16T13:02:25","modified_gmt":"2021-04-16T11:02:25","slug":"mistrz-nad-mistrzami-wraca-do-gry-manny-pacquiao-wygral-na-punkty-z-jessiem-vargasem","status":"publish","type":"post","link":"https:\/\/pakis.pl\/aktualnosci\/mistrz-nad-mistrzami-wraca-do-gry-manny-pacquiao-wygral-na-punkty-z-jessiem-vargasem\/","title":{"rendered":"Mistrz nad mistrzami wraca do gry. Manny Pacquiao wygra\u0142 na punkty z Jessiem Vargasem."},"content":{"rendered":"<p>W maju 2016 roku, filipi\u0144ski bokser uzyska\u0142 mandat senatora i nie mia\u0142 nigdy wi\u0119cej pojawi\u0107 si\u0119 na deskach ringu. Nie tak \u0142atwo jednak zapomnie\u0107 o swoich pasjach, bo tym dla niego jest w\u0142a\u015bnie boks. Swoist\u0105 drog\u0105 daj\u0105c\u0105 tyle samo satysfakcji, co szcz\u0119\u015bcia. Wstrzyma\u0142 wi\u0119c swoje polityczne plany na rzecz powrotu do swojego ulubionego zaj\u0119cia.<\/p>\n<p>6 listopada Manny Pacquiao odebra\u0142 tytu\u0142 mistrza \u015bwiata Jessiemu Vargasowi. Nie pozostawi\u0142 z\u0142udzenia w\u0105tpliwo\u015bci ani s\u0119dziom punktuj\u0105cym (114-113, 118-109 and 118-109 na korzy\u015b\u0107 Manniego), ani kibicom, kt\u00f3rzy po kr\u00f3lewsku przywitali go w Thomas &amp; Mack Centre w Las Vegas. Praktycznie wszystkie rundy nale\u017ca\u0142y do \u201ePac Mana\u201d. Mimo bardziej dojrza\u0142ego wieku, Manny Pacquiao by\u0142 znacznie lepszym bokserem od Vargasa pod ka\u017cdym sportowym wzgl\u0119dem. Wyr\u00f3\u017cnia\u0142 si\u0119 szybko\u015bci\u0105 i niesamowit\u0105 celno\u015bci\u0105 wyprowadzanych cios\u00f3w. Pocz\u0105wszy od pierwszej do dwunastej rundy z tym samym zapa\u0142em i energi\u0105 skrupulatnie pracowa\u0142 nad swoim przeciwnikiem. Ju\u017c w drugiej rundzie pos\u0142a\u0142 Vargasa na deski. Dominacja Filipi\u0144czyka by\u0142a niezaprzeczalna i tak te\u017c jednomy\u015blnie uznano Manniego zwyci\u0119zc\u0105 pojedynku. Sta\u0142 si\u0119 posiadaczem pasa mistrzowskiego federacji WBO kategorii p\u00f3\u0142\u015bredniej i oczekuje na nowych przeciwnik\u00f3w. Jedno jest pewne, nie b\u0119dzie to Floyd Mayweather, kt\u00f3ry 2 maja 2015 roku pozbawi\u0142 go najwa\u017cniejszych pas\u00f3w mistrzowskich WBC, WBA i WBO, pokonuj\u0105c go w 12-rundowym pojedynku.<br \/>\nBoks wci\u0105\u017c kocha Manniego Pacquiao, a on z ochot\u0105 odwzajemnia t\u0105 mi\u0142o\u015b\u0107. Jak d\u0142ugo jeszcze zamierza wyst\u0119powa\u0107 w roli boksera? Wszystko zale\u017cy od tego, czy b\u0119dzie w stanie podzieli\u0107 sw\u00f3j czas na sport i polityczne obowi\u0105zki.<\/p>\n","protected":false},"excerpt":{"rendered":"<p>W maju 2016 roku, filipi\u0144ski bokser uzyska\u0142 mandat senatora i nie mia\u0142 nigdy wi\u0119cej pojawi\u0107 si\u0119 na deskach ringu. Nie tak \u0142atwo jednak zapomnie\u0107 o swoich pasjach, bo tym dla niego jest w\u0142a\u015bnie boks. Swoist\u0105 drog\u0105 daj\u0105c\u0105 tyle samo satysfakcji, co szcz\u0119\u015bcia. Wstrzyma\u0142 wi\u0119c swoje polityczne plany na rzecz powrotu do swojego ulubionego zaj\u0119cia. 6 [&hellip;]<\/p>\n","protected":false},"author":5,"featured_media":796,"comment_status":"closed","ping_status":"closed","sticky":false,"template":"","format":"standard","meta":{"_lmt_disableupdate":"","_lmt_disable":"","footnotes":""},"categories":[2319],"tags":[186,42,126],"class_list":["post-795","post","type-post","status-publish","format-standard","has-post-thumbnail","hentry","category-boks","tag-boks","tag-media","tag-znani-sportowcy"],"aioseo_notices":[],"modified_by":"marketing","_links":{"self":[{"href":"https:\/\/pakis.pl\/aktualnosci\/wp-json\/wp\/v2\/posts\/795","targetHints":{"allow":["GET"]}}],"collection":[{"href":"https:\/\/pakis.pl\/aktualnosci\/wp-json\/wp\/v2\/posts"}],"about":[{"href":"https:\/\/pakis.pl\/aktualnosci\/wp-json\/wp\/v2\/types\/post"}],"author":[{"embeddable":true,"href":"https:\/\/pakis.pl\/aktualnosci\/wp-json\/wp\/v2\/users\/5"}],"replies":[{"embeddable":true,"href":"https:\/\/pakis.pl\/aktualnosci\/wp-json\/wp\/v2\/comments?post=795"}],"version-history":[{"count":1,"href":"https:\/\/pakis.pl\/aktualnosci\/wp-json\/wp\/v2\/posts\/795\/revisions"}],"predecessor-version":[{"id":797,"href":"https:\/\/pakis.pl\/aktualnosci\/wp-json\/wp\/v2\/posts\/795\/revisions\/797"}],"wp:featuredmedia":[{"embeddable":true,"href":"https:\/\/pakis.pl\/aktualnosci\/wp-json\/wp\/v2\/media\/796"}],"wp:attachment":[{"href":"https:\/\/pakis.pl\/aktualnosci\/wp-json\/wp\/v2\/media?parent=795"}],"wp:term":[{"taxonomy":"category","embeddable":true,"href":"https:\/\/pakis.pl\/aktualnosci\/wp-json\/wp\/v2\/categories?post=795"},{"taxonomy":"post_tag","embeddable":true,"href":"https:\/\/pakis.pl\/aktualnosci\/wp-json\/wp\/v2\/tags?post=795"}],"curies":[{"name":"wp","href":"https:\/\/api.w.org\/{rel}","templated":true}]}}