{"id":426,"count":1,"description":"","link":"https:\/\/pakis.pl\/aktualnosci\/tag\/tomasz-oswiecinski\/","name":"Tomasz O\u015bwi\u0119ci\u0144ski","slug":"tomasz-oswiecinski","taxonomy":"post_tag","meta":[],"_links":{"self":[{"href":"https:\/\/pakis.pl\/aktualnosci\/wp-json\/wp\/v2\/tags\/426","targetHints":{"allow":["GET"]}}],"collection":[{"href":"https:\/\/pakis.pl\/aktualnosci\/wp-json\/wp\/v2\/tags"}],"about":[{"href":"https:\/\/pakis.pl\/aktualnosci\/wp-json\/wp\/v2\/taxonomies\/post_tag"}],"wp:post_type":[{"href":"https:\/\/pakis.pl\/aktualnosci\/wp-json\/wp\/v2\/posts?tags=426"}],"curies":[{"name":"wp","href":"https:\/\/api.w.org\/{rel}","templated":true}]}}